{"id":1085,"date":"2025-05-20T11:53:14","date_gmt":"2025-05-20T11:53:14","guid":{"rendered":"http:\/\/firmenlauf-bielefeld.de\/?p=1085"},"modified":"2025-05-23T13:15:24","modified_gmt":"2025-05-23T13:15:24","slug":"sparrenburg-firmenlauf-am-mittwoch-letzte-infos","status":"publish","type":"post","link":"http:\/\/firmenlauf-bielefeld.de\/?p=1085","title":{"rendered":"Sparrenburg-Firmenlauf am Mittwoch \u2013 letzte Infos"},"content":{"rendered":"\n<p><strong>Morgen geht\u2019s los:<\/strong> Teilnehmer aus 90 Firmen und Institutionen haben sich f\u00fcr die drei L\u00e4ufe mit Start\/Ziel auf der Promenade angemeldet. <strong>Start und Ziel befinden sich auf H\u00f6he des fr\u00fcheren Lokals \u201eSch\u00f6ne Aussicht\u201c.<\/strong><\/p>\n\n\n\n<p>Viele gro\u00dfe Firmen sind wieder vertreten. Miele und die Krankenh\u00e4user Bethel und Franziskus stellen in diesem Jahr sehr gro\u00dfe Teams. Es geht darum, in Gruppen die 2,5 oder die 5 km gut zu meistern. Der Spa\u00df und das Erleben stehen im Vordergrund.<\/p>\n\n\n\n<p>Hier gibt es die letzten Infos, Teilnehmerinfo und eine Teilnehmerliste vom 20. Mai.<\/p>\n\n\n\n<p><a href=\"http:\/\/firmenlauf-bielefeld.de\/wp-content\/uploads\/2025\/05\/Firmenlauf-BI-Teilnehmerinfo2025-Mail.pdf\">http:\/\/firmenlauf-bielefeld.de\/wp-content\/uploads\/2025\/05\/Firmenlauf-BI-Teilnehmerinfo2025-Mail.pdf<\/a><\/p>\n\n\n\n<p><\/p>\n\n\n\n<p>Daher: lassen Sie es ruhig angehen. Dr\u00e4ngeln am Start f\u00fchrt allenfalls zu St\u00fcrzen \u2013 die m\u00f6chten wir auf keinen Fall haben!<\/p>\n\n\n\n<p>Aufgrund einer Baustelle ist die Strecke leicht ver\u00e4ndert. Etwa 400 Meter nach dem Start f\u00fchrt die Strecke halbrechts abw\u00e4rts, um 150 Meter weiter nach links abzubiegen, um die direkte Zufahrt hoch zur Burg zu nehmen. Geringf\u00fcgig wird die Strecke l\u00e4nger. In jedem Fall wird sie aufgrund des zus\u00e4tzlichen Anstiegs schwieriger sein.<\/p>\n\n\n\n<p>Wir w\u00fcnschen allen L\u00e4uferinnen und L\u00e4ufern einen guten Sparrenburg-Firmenlauf und ein tolles Erlebnis!<\/p>\n\n\n\n<p><\/p>\n","protected":false},"excerpt":{"rendered":"<p>Morgen geht\u2019s los: Teilnehmer aus 90 Firmen und Institutionen haben sich f\u00fcr die drei L\u00e4ufe mit Start\/Ziel auf der Promenade angemeldet. Start und Ziel befinden sich auf H\u00f6he des fr\u00fcheren [&hellip;]<\/p>\n","protected":false},"author":2,"featured_media":1041,"comment_status":"closed","ping_status":"closed","sticky":true,"template":"","format":"standard","meta":{"footnotes":""},"categories":[1],"tags":[],"class_list":["post-1085","post","type-post","status-publish","format-standard","has-post-thumbnail","hentry","category-uncategorized"],"_links":{"self":[{"href":"http:\/\/firmenlauf-bielefeld.de\/index.php?rest_route=\/wp\/v2\/posts\/1085","targetHints":{"allow":["GET"]}}],"collection":[{"href":"http:\/\/firmenlauf-bielefeld.de\/index.php?rest_route=\/wp\/v2\/posts"}],"about":[{"href":"http:\/\/firmenlauf-bielefeld.de\/index.php?rest_route=\/wp\/v2\/types\/post"}],"author":[{"embeddable":true,"href":"http:\/\/firmenlauf-bielefeld.de\/index.php?rest_route=\/wp\/v2\/users\/2"}],"replies":[{"embeddable":true,"href":"http:\/\/firmenlauf-bielefeld.de\/index.php?rest_route=%2Fwp%2Fv2%2Fcomments&post=1085"}],"version-history":[{"count":3,"href":"http:\/\/firmenlauf-bielefeld.de\/index.php?rest_route=\/wp\/v2\/posts\/1085\/revisions"}],"predecessor-version":[{"id":1107,"href":"http:\/\/firmenlauf-bielefeld.de\/index.php?rest_route=\/wp\/v2\/posts\/1085\/revisions\/1107"}],"wp:featuredmedia":[{"embeddable":true,"href":"http:\/\/firmenlauf-bielefeld.de\/index.php?rest_route=\/wp\/v2\/media\/1041"}],"wp:attachment":[{"href":"http:\/\/firmenlauf-bielefeld.de\/index.php?rest_route=%2Fwp%2Fv2%2Fmedia&parent=1085"}],"wp:term":[{"taxonomy":"category","embeddable":true,"href":"http:\/\/firmenlauf-bielefeld.de\/index.php?rest_route=%2Fwp%2Fv2%2Fcategories&post=1085"},{"taxonomy":"post_tag","embeddable":true,"href":"http:\/\/firmenlauf-bielefeld.de\/index.php?rest_route=%2Fwp%2Fv2%2Ftags&post=1085"}],"curies":[{"name":"wp","href":"https:\/\/api.w.org\/{rel}","templated":true}]}}