{"id":243,"date":"2015-06-24T09:35:20","date_gmt":"2015-06-24T09:35:20","guid":{"rendered":"http:\/\/firmenlauf-bielefeld.de\/?p=243"},"modified":"2016-02-08T05:42:50","modified_gmt":"2016-02-08T05:42:50","slug":"super-stimmung-und-596-starter-beim-2-aok-firmenlauf-bielefeld","status":"publish","type":"post","link":"http:\/\/firmenlauf-bielefeld.de\/?p=243","title":{"rendered":"R\u00fcckblende 2015: Super Stimmung und 596 Starter bei der 2. Auflage"},"content":{"rendered":"<p><a href=\"http:\/\/firmenlauf-bielefeld.de\/wp-content\/uploads\/2015\/06\/rob_Start_web95711.jpg\"><img loading=\"lazy\" decoding=\"async\" class=\"alignnone size-full wp-image-260\" src=\"http:\/\/firmenlauf-bielefeld.de\/wp-content\/uploads\/2015\/06\/rob_Start_web95711.jpg\" alt=\"rob_Start_web9571\" width=\"600\" height=\"400\" srcset=\"http:\/\/firmenlauf-bielefeld.de\/wp-content\/uploads\/2015\/06\/rob_Start_web95711.jpg 600w, http:\/\/firmenlauf-bielefeld.de\/wp-content\/uploads\/2015\/06\/rob_Start_web95711-300x200.jpg 300w\" sizes=\"auto, (max-width: 600px) 100vw, 600px\" \/><\/a>Als B\u00fcrgermeister Andreas R\u00fcther am Mittwoch um 19.05 Uhr die insgesamt 596 L\u00e4uferinnen und L\u00e4ufer beim 2. AOK-Firmenlauf an Arminias Wohnzimmer- der Sch\u00fccoArena &#8211; auf die Reise geschickt hatte, da brandete Applaus auf. Die Cheerleader der Junior Wildcats, gew\u00f6hnlich Supporter der Bulldogs, standen Spalier und viele Mitarbeiter feuerten \u201eihre\u201c Kolleginnen und Kollegen an f\u00fcr die folgenden 4,8 Kilometer durch den nahen Bielefelder Park.<\/p>\n<p>Hier geht es zu den Ergebnissen: <a href=\"http:\/\/firmenlauf-bielefeld.de\/wp-content\/uploads\/2014\/08\/Ergebnisse_AOK-Firmenlauf-BI-2015.pdf\">Ergebnisse_AOK-Firmenlauf-BI-2015<\/a><\/p>\n<p><!--more--><\/p>\n<p><a href=\"http:\/\/firmenlauf-bielefeld.de\/wp-content\/uploads\/2015\/06\/rob_Leute-im-Ziel_web96351.jpg\"><img loading=\"lazy\" decoding=\"async\" class=\"alignnone size-full wp-image-266\" src=\"http:\/\/firmenlauf-bielefeld.de\/wp-content\/uploads\/2015\/06\/rob_Leute-im-Ziel_web96351.jpg\" alt=\"rob_Leute-im-Ziel_web9635\" width=\"600\" height=\"400\" srcset=\"http:\/\/firmenlauf-bielefeld.de\/wp-content\/uploads\/2015\/06\/rob_Leute-im-Ziel_web96351.jpg 600w, http:\/\/firmenlauf-bielefeld.de\/wp-content\/uploads\/2015\/06\/rob_Leute-im-Ziel_web96351-300x200.jpg 300w\" sizes=\"auto, (max-width: 600px) 100vw, 600px\" \/><\/a>Das firmeneigene Sch\u00fcco-Filmteam war gekommen, um die Mitarbeiter des Konzerns als \u201eMarkenbotschafter des Sports\u201c ins Bild zu setzen. Da gab es viele Aspekte festzuhalten, denn das Sch\u00fcco-Team nahm gleich drei gro\u00dfe Pokale mit: F\u00fcr die gr\u00f6\u00dfte Gruppe (62 Finisher), f\u00fcr das gr\u00f6\u00dfte Frauenteam (25 Finisher) und f\u00fcr das schnellste Frauentrio in der Mannschaftswertung, die durch Zeitaddition ermittelt wurde.<\/p>\n<p>&nbsp;<\/p>\n<p>\u201eVeranstaltungen wie diese sind wichtig um die Gemeinschaft zu f\u00f6rdern\u201c, hatte B\u00fcrgermeister R\u00fcther unmittelbar vor dem Start im Interview gesagt. Er sei fr\u00fcher selbst gelaufen, sagte R\u00fcther, heute, als viel besch\u00e4ftigter Politiker und bedingt durch das Amt habe er eine gute Ausrede: \u201eKeine Zeit!\u201c Arminia Gesch\u00e4ftsf\u00fchrer Marcus Uhlig hatte Andreas R\u00fcther gleich zu Beginn der Veranstaltung begr\u00fc\u00dft. Er sei bekennender Arminen-Fan, h\u00e4ufig zu Gast im Stadion und deshalb sei gern als Startschussgeber gekommen, sagte R\u00fcther.<\/p>\n<p><a href=\"http:\/\/firmenlauf-bielefeld.de\/wp-content\/uploads\/2015\/06\/rob_Youngster_web95992.jpg\"><img loading=\"lazy\" decoding=\"async\" class=\"alignnone size-full wp-image-257\" src=\"http:\/\/firmenlauf-bielefeld.de\/wp-content\/uploads\/2015\/06\/rob_Youngster_web95992.jpg\" alt=\"rob_Youngster_web9599\" width=\"640\" height=\"426\" srcset=\"http:\/\/firmenlauf-bielefeld.de\/wp-content\/uploads\/2015\/06\/rob_Youngster_web95992.jpg 640w, http:\/\/firmenlauf-bielefeld.de\/wp-content\/uploads\/2015\/06\/rob_Youngster_web95992-300x199.jpg 300w\" sizes=\"auto, (max-width: 640px) 100vw, 640px\" \/><\/a><\/p>\n<p>Frohe Gesichter gab es auch beim Titelsponsor. \u201eHeute morgen dachte ich noch, es wird kalt, aber jetzt haben wir bestes L\u00e4uferwetter\u201c, strahlte AOK-Sportlehrer Ralf Neuhaus unmittelbar vor dem Start. Beteiligt waren auch die Co-Sponsoren: Alpecin hatte wieder ein gro\u00dfes Team auf die Beine gestellt,<\/p>\n<p><a href=\"http:\/\/firmenlauf-bielefeld.de\/wp-content\/uploads\/2015\/06\/rob_Schueco_web9755.jpg\"><img loading=\"lazy\" decoding=\"async\" class=\"alignnone size-full wp-image-271\" src=\"http:\/\/firmenlauf-bielefeld.de\/wp-content\/uploads\/2015\/06\/rob_Schueco_web9755.jpg\" alt=\"rob_Schueco_web9755\" width=\"600\" height=\"393\" srcset=\"http:\/\/firmenlauf-bielefeld.de\/wp-content\/uploads\/2015\/06\/rob_Schueco_web9755.jpg 600w, http:\/\/firmenlauf-bielefeld.de\/wp-content\/uploads\/2015\/06\/rob_Schueco_web9755-300x196.jpg 300w\" sizes=\"auto, (max-width: 600px) 100vw, 600px\" \/><\/a><\/p>\n<p>\u00dcber 50 Firmen und Institutionen beteiligten sich am 2. AOK-Firmenlauf Bielefeld. Zweitgr\u00f6\u00dfte Gruppe war mit 33 \u201eFinishern\u201c die M\u00f6llerGroup, gefolgt von der Firma Bobst (20 Finisher). F\u00fcr die Firmenvitrine schleppten sie alle ebenso gro\u00dfe \u201eCups\u201c heim, wie die schnellsten Mannschaften. Bei den M\u00e4nnern setzte sich in 55:08 Minuten (Zeitaddition) das vom achtfachen Hermannslaufsieger Elias Sansar angef\u00fchrte Trio des Autohauses Mark\u00f6tter (Elias Sansar -15:24, &#8211; Christoph B\u00fcker -19:21, &#8211; Sean Harrison &#8211; 20:23) durch. Sekundenabst\u00e4nde trennten die drei Spitznteams. Auf Rang 2 folgte Sch\u00fcco mit 55:22 Minuten (Kay J\u00e4ger &#8211; 18:11, &#8211; Mathias Kemnitz &#8211; 18:28, &#8211; Jakob Klippenstein &#8211; 18:43). Dritter mit 55:56 Minuten wurde das Team von Olafs Laufladen (Tobias Czwielong &#8211; 17:29, &#8211; David Rietz &#8211; 18:27, &#8211; Andreas Epkenhans &#8211; 20:00).<\/p>\n<p><a href=\"http:\/\/firmenlauf-bielefeld.de\/wp-content\/uploads\/2015\/06\/rob_Berg_web95841.jpg\"><img loading=\"lazy\" decoding=\"async\" class=\"alignnone size-full wp-image-259\" src=\"http:\/\/firmenlauf-bielefeld.de\/wp-content\/uploads\/2015\/06\/rob_Berg_web95841.jpg\" alt=\"rob_Berg_web9584\" width=\"600\" height=\"400\" srcset=\"http:\/\/firmenlauf-bielefeld.de\/wp-content\/uploads\/2015\/06\/rob_Berg_web95841.jpg 600w, http:\/\/firmenlauf-bielefeld.de\/wp-content\/uploads\/2015\/06\/rob_Berg_web95841-300x200.jpg 300w\" sizes=\"auto, (max-width: 600px) 100vw, 600px\" \/><\/a><\/p>\n<p>Bei den Frauen setzte sich die Betriebssportgemeinschaft (BSG) Sch\u00fcco mit 1:10:47 Stunden (Annika Pohl &#8211; 23:13, &#8211; Marina Rohleder &#8211; 23:26, &#8211; Carolin J\u00e4ger &#8211; 24:08) durch vor dem Trio von Gerry Weber mit 1:12:23 Stunden (Karin Wedeking &#8211; 23:30, &#8211; Anastasia Smirnova . 23:59, &#8211; Hou Wenjing &#8211; 24:54), die das ZAR Bielefeld mit 1:12:38 Stunden (Miriam Britz &#8211; 23:30, &#8211; Alena Hartmann &#8211; 23:58, &#8211; Annika F\u00fchrer &#8211; 25:10) um 15 Sekunden distanzierten.<\/p>\n<p><a href=\"http:\/\/firmenlauf-bielefeld.de\/wp-content\/uploads\/2015\/06\/rob_NLZ_web9639.jpg\"><img loading=\"lazy\" decoding=\"async\" class=\"alignnone size-full wp-image-262\" src=\"http:\/\/firmenlauf-bielefeld.de\/wp-content\/uploads\/2015\/06\/rob_NLZ_web9639.jpg\" alt=\"rob_NLZ_web9639\" width=\"600\" height=\"400\" srcset=\"http:\/\/firmenlauf-bielefeld.de\/wp-content\/uploads\/2015\/06\/rob_NLZ_web9639.jpg 600w, http:\/\/firmenlauf-bielefeld.de\/wp-content\/uploads\/2015\/06\/rob_NLZ_web9639-300x200.jpg 300w\" sizes=\"auto, (max-width: 600px) 100vw, 600px\" \/><\/a><\/p>\n<p>Die Einzelwertung ging an den Vorjahressieger. Elias Sansar lie\u00df es dieses Mal etwas lockerer angehen, lief die erste von drei Parkrunden zusammen mit den Verfolgern und blieb mit 15:24 Minuten genau 29 Sekunden \u00fcber seiner Siegerzeit von der Premiere. Auf den Pl\u00e4tzen folgten Adam Janick (TG Herford Kickboxen, 16:43),<\/p>\n<p>und Marco Rath (Gundlach Verpackung GmbH, 16:45 Minuten), die sich ein Kopf-an-Kopf-Rennen lieferten, nachdem Rath in der letzten Runde aufgeschlossen hatte. Oliver V\u00f6lkner (Torwegge GmbH &amp; Co. KG, 17:11 Minuten) wurde Vierter, Robin Woiwode (Runners Point Bielefeld,\u00a0 17:16 Minuten), der anfangs vorn mitgegangen war, F\u00fcnfter.<\/p>\n<p><a href=\"http:\/\/firmenlauf-bielefeld.de\/wp-content\/uploads\/2015\/06\/rob_letzter-Finisher_web96611.jpg\"><img loading=\"lazy\" decoding=\"async\" class=\"alignnone size-full wp-image-264\" src=\"http:\/\/firmenlauf-bielefeld.de\/wp-content\/uploads\/2015\/06\/rob_letzter-Finisher_web96611.jpg\" alt=\"rob_letzter-Finisher_web9661\" width=\"600\" height=\"400\" srcset=\"http:\/\/firmenlauf-bielefeld.de\/wp-content\/uploads\/2015\/06\/rob_letzter-Finisher_web96611.jpg 600w, http:\/\/firmenlauf-bielefeld.de\/wp-content\/uploads\/2015\/06\/rob_letzter-Finisher_web96611-300x200.jpg 300w\" sizes=\"auto, (max-width: 600px) 100vw, 600px\" \/><\/a><\/p>\n<p>Schnellste Frau war Sarah Wiegmann (Schuster Versicherungsmakler), die in 19:51 Minuten nur 25 M\u00e4nnern den Vortritt lie\u00df. Umjubelt besonders bei den Arminen war der zweite Rang von Pauline Brandis (Nachwuchsleistungszentrum Arminia), die f\u00fcr die 4,8 km 22:33 Minuten ben\u00f6tigte. Stefanie Sonnenschein (Interrogare GmbH, 22:48),22:52, Katrin Dr\u00f6ge (Hebie GmbH &amp; Co.KG, 22:29) und Claudia Spang (Gesch\u00e4ftsstelle Arminia, 23:04) folgten auf den Pl\u00e4tzen 3 bis 5.<\/p>\n<p>Ein tolles Bild ergab sich, als der letzte L\u00e4ufer einkam. Karsten Beckmann von der Stiftung Bethel &#8211; Bethel.regional ben\u00f6tigte 41:14 Minuten. Die letzten 80 Meter wurde er von den 20 Cheerleadern der Junior Willdcats eskortiert. Mit einem L\u00e4cheln im Gesicht fielen Beckmann die letzten Schritte besonders leicht.<\/p>\n<p>Gro\u00dfer Dank an dieser Stelle an die Sponsoren des Laufs, die AOK NordWest, Alpecin Dr. Kurt Wolff, das Autohaus Mark\u00f6tter, Olafs Laufladen in G\u00fctersloh und Krombacher Alkoholfrei!!<\/p>\n<p><a href=\"http:\/\/firmenlauf-bielefeld.de\/wp-content\/uploads\/2015\/06\/rob_Finisher_web96521.jpg\"><img loading=\"lazy\" decoding=\"async\" class=\"alignnone size-full wp-image-268\" src=\"http:\/\/firmenlauf-bielefeld.de\/wp-content\/uploads\/2015\/06\/rob_Finisher_web96521.jpg\" alt=\"rob_Finisher_web9652\" width=\"600\" height=\"400\" srcset=\"http:\/\/firmenlauf-bielefeld.de\/wp-content\/uploads\/2015\/06\/rob_Finisher_web96521.jpg 600w, http:\/\/firmenlauf-bielefeld.de\/wp-content\/uploads\/2015\/06\/rob_Finisher_web96521-300x200.jpg 300w\" sizes=\"auto, (max-width: 600px) 100vw, 600px\" \/><\/a><\/p>\n<p><a href=\"http:\/\/firmenlauf-bielefeld.de\/wp-content\/uploads\/2015\/06\/rob_Pokale_web9696.jpg\"><img loading=\"lazy\" decoding=\"async\" class=\"alignnone size-full wp-image-272\" src=\"http:\/\/firmenlauf-bielefeld.de\/wp-content\/uploads\/2015\/06\/rob_Pokale_web9696.jpg\" alt=\"rob_Pokale_web9696\" width=\"600\" height=\"409\" srcset=\"http:\/\/firmenlauf-bielefeld.de\/wp-content\/uploads\/2015\/06\/rob_Pokale_web9696.jpg 600w, http:\/\/firmenlauf-bielefeld.de\/wp-content\/uploads\/2015\/06\/rob_Pokale_web9696-300x204.jpg 300w\" sizes=\"auto, (max-width: 600px) 100vw, 600px\" \/><\/a><\/p>\n<p><a href=\"http:\/\/firmenlauf-bielefeld.de\/wp-content\/uploads\/2015\/06\/rob_Tobi_web9694.jpg\"><img loading=\"lazy\" decoding=\"async\" class=\"alignnone size-full wp-image-273\" src=\"http:\/\/firmenlauf-bielefeld.de\/wp-content\/uploads\/2015\/06\/rob_Tobi_web9694.jpg\" alt=\"rob_Tobi_web9694\" width=\"600\" height=\"369\" srcset=\"http:\/\/firmenlauf-bielefeld.de\/wp-content\/uploads\/2015\/06\/rob_Tobi_web9694.jpg 600w, http:\/\/firmenlauf-bielefeld.de\/wp-content\/uploads\/2015\/06\/rob_Tobi_web9694-300x184.jpg 300w\" sizes=\"auto, (max-width: 600px) 100vw, 600px\" \/><\/a><\/p>\n<p><a href=\"http:\/\/firmenlauf-bielefeld.de\/wp-content\/uploads\/2015\/06\/Abendsonne_web9766.jpg\"><img loading=\"lazy\" decoding=\"async\" class=\"alignnone size-full wp-image-274\" src=\"http:\/\/firmenlauf-bielefeld.de\/wp-content\/uploads\/2015\/06\/Abendsonne_web9766.jpg\" alt=\"Abendsonne_web9766\" width=\"600\" height=\"380\" srcset=\"http:\/\/firmenlauf-bielefeld.de\/wp-content\/uploads\/2015\/06\/Abendsonne_web9766.jpg 600w, http:\/\/firmenlauf-bielefeld.de\/wp-content\/uploads\/2015\/06\/Abendsonne_web9766-300x190.jpg 300w\" sizes=\"auto, (max-width: 600px) 100vw, 600px\" \/><\/a><\/p>\n","protected":false},"excerpt":{"rendered":"<p>Als B\u00fcrgermeister Andreas R\u00fcther am Mittwoch um 19.05 Uhr die insgesamt 596 L\u00e4uferinnen und L\u00e4ufer beim 2. AOK-Firmenlauf an Arminias Wohnzimmer- der Sch\u00fccoArena &#8211; auf die Reise geschickt hatte, da [&hellip;]<\/p>\n","protected":false},"author":2,"featured_media":245,"comment_status":"open","ping_status":"open","sticky":true,"template":"","format":"standard","meta":{"footnotes":""},"categories":[1],"tags":[],"class_list":["post-243","post","type-post","status-publish","format-standard","has-post-thumbnail","hentry","category-uncategorized"],"_links":{"self":[{"href":"http:\/\/firmenlauf-bielefeld.de\/index.php?rest_route=\/wp\/v2\/posts\/243","targetHints":{"allow":["GET"]}}],"collection":[{"href":"http:\/\/firmenlauf-bielefeld.de\/index.php?rest_route=\/wp\/v2\/posts"}],"about":[{"href":"http:\/\/firmenlauf-bielefeld.de\/index.php?rest_route=\/wp\/v2\/types\/post"}],"author":[{"embeddable":true,"href":"http:\/\/firmenlauf-bielefeld.de\/index.php?rest_route=\/wp\/v2\/users\/2"}],"replies":[{"embeddable":true,"href":"http:\/\/firmenlauf-bielefeld.de\/index.php?rest_route=%2Fwp%2Fv2%2Fcomments&post=243"}],"version-history":[{"count":16,"href":"http:\/\/firmenlauf-bielefeld.de\/index.php?rest_route=\/wp\/v2\/posts\/243\/revisions"}],"predecessor-version":[{"id":325,"href":"http:\/\/firmenlauf-bielefeld.de\/index.php?rest_route=\/wp\/v2\/posts\/243\/revisions\/325"}],"wp:featuredmedia":[{"embeddable":true,"href":"http:\/\/firmenlauf-bielefeld.de\/index.php?rest_route=\/wp\/v2\/media\/245"}],"wp:attachment":[{"href":"http:\/\/firmenlauf-bielefeld.de\/index.php?rest_route=%2Fwp%2Fv2%2Fmedia&parent=243"}],"wp:term":[{"taxonomy":"category","embeddable":true,"href":"http:\/\/firmenlauf-bielefeld.de\/index.php?rest_route=%2Fwp%2Fv2%2Fcategories&post=243"},{"taxonomy":"post_tag","embeddable":true,"href":"http:\/\/firmenlauf-bielefeld.de\/index.php?rest_route=%2Fwp%2Fv2%2Ftags&post=243"}],"curies":[{"name":"wp","href":"https:\/\/api.w.org\/{rel}","templated":true}]}}