{"id":389,"date":"2016-04-29T13:01:35","date_gmt":"2016-04-29T13:01:35","guid":{"rendered":"http:\/\/firmenlauf-bielefeld.de\/?p=389"},"modified":"2016-04-29T13:31:13","modified_gmt":"2016-04-29T13:31:13","slug":"was-gibt-es-alles-zu-sehen-zu-erleben","status":"publish","type":"post","link":"http:\/\/firmenlauf-bielefeld.de\/?p=389","title":{"rendered":"Was gibt es alles zu sehen, zu erleben?"},"content":{"rendered":"<p><strong>Was gibt es alles zu sehen und zu erleben beim Sch\u00fcco Sports Firmenlauf?<\/strong> Hier ein kleiner \u00dcberblick.<\/p>\n<p>Der Film: Auf Facebook hat Sch\u00fcco Sports den neuen Trailer zum Lauf hinterlegt. Gern liken und teilen.<\/p>\n<p><a href=\"https:\/\/www.facebook.com\/schueco\/\" target=\"_blank\">https:\/\/www.facebook.com\/schueco\/<\/a><\/p>\n<p><a href=\"http:\/\/firmenlauf-bielefeld.de\/wp-content\/uploads\/2016\/04\/start-firmenlauf-bi2015-026_webTitel.jpg\" rel=\"attachment wp-att-392\"><img loading=\"lazy\" decoding=\"async\" class=\"alignnone wp-image-392\" src=\"http:\/\/firmenlauf-bielefeld.de\/wp-content\/uploads\/2016\/04\/start-firmenlauf-bi2015-026_webTitel.jpg\" alt=\"start--firmenlauf-bi2015-026_webTitel\" width=\"374\" height=\"236\" srcset=\"http:\/\/firmenlauf-bielefeld.de\/wp-content\/uploads\/2016\/04\/start-firmenlauf-bi2015-026_webTitel.jpg 680w, http:\/\/firmenlauf-bielefeld.de\/wp-content\/uploads\/2016\/04\/start-firmenlauf-bi2015-026_webTitel-300x189.jpg 300w\" sizes=\"auto, (max-width: 374px) 100vw, 374px\" \/><\/a><\/p>\n<p>&#8212;&#8212;&#8212;&#8212;&#8212;&#8212;&#8212;-<\/p>\n<p><strong>Stimmung an der Strecke:<\/strong> Es tanzen entlang der Startgeraden und im Ziel wieder die Cheerleader der Bielefeld Wildcats. Die wilden Katzen haben in den vergangenen Jahren eine rasante Entwicklung gemacht. Inzwischen tanzen \u00fcber 150 Nachwuchst\u00e4nzerinnen in den verschiedenen Formationen. Ein Teil davon wird mit Begeisterung den Sch\u00fcco Sports Firmenlauf anheizen.<\/p>\n<p><a href=\"http:\/\/firmenlauf-bielefeld.de\/wp-content\/uploads\/2016\/04\/rob_Start_Wildcats_web0153.jpg\" rel=\"attachment wp-att-395\"><img loading=\"lazy\" decoding=\"async\" class=\"alignnone wp-image-395\" src=\"http:\/\/firmenlauf-bielefeld.de\/wp-content\/uploads\/2016\/04\/rob_Start_Wildcats_web0153.jpg\" alt=\"rob_Start_Wildcats_web0153\" width=\"378\" height=\"200\" srcset=\"http:\/\/firmenlauf-bielefeld.de\/wp-content\/uploads\/2016\/04\/rob_Start_Wildcats_web0153.jpg 680w, http:\/\/firmenlauf-bielefeld.de\/wp-content\/uploads\/2016\/04\/rob_Start_Wildcats_web0153-300x159.jpg 300w\" sizes=\"auto, (max-width: 378px) 100vw, 378px\" \/><\/a><\/p>\n<p>&#8212;&#8212;&#8212;&#8212;&#8212;&#8212;&#8212;&#8211;<\/p>\n<p><strong>Samba am Start und Ziel:<\/strong> Aus Paderborn kommen die Samba-Musiker Querschl\u00e4ger &#8211; mit brasilianischer T\u00e4nzerin. Viele kennen die Formation vielleicht vom diesj\u00e4hrigen Paderborner Osterlauf.<\/p>\n<p><a href=\"http:\/\/firmenlauf-bielefeld.de\/wp-content\/uploads\/2016\/04\/rob-Samba-Querschlaeger-PB-web.jpg\" rel=\"attachment wp-att-397\"><img loading=\"lazy\" decoding=\"async\" class=\"alignnone wp-image-397\" src=\"http:\/\/firmenlauf-bielefeld.de\/wp-content\/uploads\/2016\/04\/rob-Samba-Querschlaeger-PB-web.jpg\" alt=\"rob-Samba-Querschlaeger-PB-web\" width=\"521\" height=\"183\" srcset=\"http:\/\/firmenlauf-bielefeld.de\/wp-content\/uploads\/2016\/04\/rob-Samba-Querschlaeger-PB-web.jpg 945w, http:\/\/firmenlauf-bielefeld.de\/wp-content\/uploads\/2016\/04\/rob-Samba-Querschlaeger-PB-web-300x105.jpg 300w, http:\/\/firmenlauf-bielefeld.de\/wp-content\/uploads\/2016\/04\/rob-Samba-Querschlaeger-PB-web-768x269.jpg 768w\" sizes=\"auto, (max-width: 521px) 100vw, 521px\" \/><\/a><\/p>\n<p>&#8212;&#8212;&#8212;&#8212;&#8212;&#8212;&#8212;&#8212;<\/p>\n<p><strong>Im Ziel:<\/strong> Die Stimme der Sch\u00fccoArena! Sebastian Wiese, Moderator von Radio Bielefeld und Stadionsprecher der Arminen, wird die L\u00e4uferinnen und L\u00e4ufer beim Finish mit warmer Stimme ansagen.<\/p>\n<p>&#8212;&#8212;&#8212;&#8212;&#8212;&#8212;&#8212;&#8212;<\/p>\n<p><strong>Vorher oder nachher:<\/strong> Auf der B\u00fchne k\u00f6nnen bis zur Siegerehrung Teamfotos gemacht werden, die wir nachher den jeweiligen Teams zur Verf\u00fcgung stellen.<\/p>\n<p><a href=\"http:\/\/firmenlauf-bielefeld.de\/wp-content\/uploads\/2016\/04\/rob_Schueco_web9755.jpg\" rel=\"attachment wp-att-398\"><img loading=\"lazy\" decoding=\"async\" class=\"alignnone wp-image-398\" src=\"http:\/\/firmenlauf-bielefeld.de\/wp-content\/uploads\/2016\/04\/rob_Schueco_web9755.jpg\" alt=\"rob_Schueco_web9755\" width=\"371\" height=\"243\" srcset=\"http:\/\/firmenlauf-bielefeld.de\/wp-content\/uploads\/2016\/04\/rob_Schueco_web9755.jpg 600w, http:\/\/firmenlauf-bielefeld.de\/wp-content\/uploads\/2016\/04\/rob_Schueco_web9755-300x197.jpg 300w\" sizes=\"auto, (max-width: 371px) 100vw, 371px\" \/><\/a><\/p>\n","protected":false},"excerpt":{"rendered":"<p>Was gibt es alles zu sehen und zu erleben beim Sch\u00fcco Sports Firmenlauf? Hier ein kleiner \u00dcberblick. Der Film: Auf Facebook hat Sch\u00fcco Sports den neuen Trailer zum Lauf hinterlegt. [&hellip;]<\/p>\n","protected":false},"author":2,"featured_media":393,"comment_status":"open","ping_status":"open","sticky":true,"template":"","format":"standard","meta":{"footnotes":""},"categories":[1],"tags":[],"class_list":["post-389","post","type-post","status-publish","format-standard","has-post-thumbnail","hentry","category-uncategorized"],"_links":{"self":[{"href":"http:\/\/firmenlauf-bielefeld.de\/index.php?rest_route=\/wp\/v2\/posts\/389","targetHints":{"allow":["GET"]}}],"collection":[{"href":"http:\/\/firmenlauf-bielefeld.de\/index.php?rest_route=\/wp\/v2\/posts"}],"about":[{"href":"http:\/\/firmenlauf-bielefeld.de\/index.php?rest_route=\/wp\/v2\/types\/post"}],"author":[{"embeddable":true,"href":"http:\/\/firmenlauf-bielefeld.de\/index.php?rest_route=\/wp\/v2\/users\/2"}],"replies":[{"embeddable":true,"href":"http:\/\/firmenlauf-bielefeld.de\/index.php?rest_route=%2Fwp%2Fv2%2Fcomments&post=389"}],"version-history":[{"count":9,"href":"http:\/\/firmenlauf-bielefeld.de\/index.php?rest_route=\/wp\/v2\/posts\/389\/revisions"}],"predecessor-version":[{"id":403,"href":"http:\/\/firmenlauf-bielefeld.de\/index.php?rest_route=\/wp\/v2\/posts\/389\/revisions\/403"}],"wp:featuredmedia":[{"embeddable":true,"href":"http:\/\/firmenlauf-bielefeld.de\/index.php?rest_route=\/wp\/v2\/media\/393"}],"wp:attachment":[{"href":"http:\/\/firmenlauf-bielefeld.de\/index.php?rest_route=%2Fwp%2Fv2%2Fmedia&parent=389"}],"wp:term":[{"taxonomy":"category","embeddable":true,"href":"http:\/\/firmenlauf-bielefeld.de\/index.php?rest_route=%2Fwp%2Fv2%2Fcategories&post=389"},{"taxonomy":"post_tag","embeddable":true,"href":"http:\/\/firmenlauf-bielefeld.de\/index.php?rest_route=%2Fwp%2Fv2%2Ftags&post=389"}],"curies":[{"name":"wp","href":"https:\/\/api.w.org\/{rel}","templated":true}]}}