{"id":558,"date":"2017-06-21T12:56:14","date_gmt":"2017-06-21T12:56:14","guid":{"rendered":"http:\/\/firmenlauf-bielefeld.de\/?p=558"},"modified":"2017-06-22T06:24:13","modified_gmt":"2017-06-22T06:24:13","slug":"teilnehmer-boom-beim-schuco-sports-firmenlauf","status":"publish","type":"post","link":"http:\/\/firmenlauf-bielefeld.de\/?p=558","title":{"rendered":"Ansturm auf den Sch\u00fcco Sports Firmenlauf &#8211; jetzt: Teilnehmer-Info"},"content":{"rendered":"<p>Bielefeld (rob). Der Sch\u00fcco Sports Firmenlauf, der am n\u00e4chsten Mittwoch an der Sch\u00fccoArena der Arminen in die vierte Runde geht, erlebte in diesem Fr\u00fchjahr einen wahren Ansturm. Bereits am 23. Mai \u2013 sechs Wochen vor der Veranstaltung \u2013 war der Lauf ausgebucht. Dabei waren dank der Teilung des 4,8-km-Hauptlaufes die Kapazit\u00e4ten um 20 Prozent erh\u00f6ht worden.<\/p>\n<p><!--more--><\/p>\n<p><a href=\"http:\/\/firmenlauf-bielefeld.de\/wp-content\/uploads\/2016\/06\/rob-Ziel-3-km_1402.jpg\"><img loading=\"lazy\" decoding=\"async\" class=\"alignnone wp-image-474\" src=\"http:\/\/firmenlauf-bielefeld.de\/wp-content\/uploads\/2016\/06\/rob-Ziel-3-km_1402.jpg\" alt=\"rob-Ziel 3 km_1402\" width=\"373\" height=\"249\" srcset=\"http:\/\/firmenlauf-bielefeld.de\/wp-content\/uploads\/2016\/06\/rob-Ziel-3-km_1402.jpg 2362w, http:\/\/firmenlauf-bielefeld.de\/wp-content\/uploads\/2016\/06\/rob-Ziel-3-km_1402-300x200.jpg 300w, http:\/\/firmenlauf-bielefeld.de\/wp-content\/uploads\/2016\/06\/rob-Ziel-3-km_1402-768x512.jpg 768w, http:\/\/firmenlauf-bielefeld.de\/wp-content\/uploads\/2016\/06\/rob-Ziel-3-km_1402-1024x682.jpg 1024w\" sizes=\"auto, (max-width: 373px) 100vw, 373px\" \/><\/a>L\u00e4uferinnen und L\u00e4ufer aus 110 Unternehmen sind angemeldet. \u201eLaufen f\u00fcrs gute Betriebsklima\u201c lautet das Motto f\u00fcr die Aktiven, die wahlweise 3,2 oder 4,8 Kilometer unter die F\u00fc\u00dfe nehmen. B\u00fcrgermeister Andreas R\u00fcther wird um 28 Uhr den ersten Startschuss des Tages abfeuern zum Firmenlauf \u201elight&#8221; \u00fcber 3,2 Kilometer. Danach schlie\u00dfen sich die beiden Hauptl\u00e4ufe \u00fcber 4,8 Kilometer an mit Starts um 18.45 Uhr und um 19.30 Uhr.<\/p>\n<p><strong>Wichtige Teilnehmerinfo, bitte durchlesen: <a href=\"http:\/\/firmenlauf-bielefeld.de\/wp-content\/uploads\/2017\/06\/Firmenlauf-BI-Teilnehmerinfo2017-3.pdf\">Firmenlauf-BI-Teilnehmerinfo2017-3<\/a><\/strong><\/p>\n<p>Laufen f\u00fcrs Betriebsklima, das gilt in Deutschland immer \u00f6fter. Firmenl\u00e4ufe liegen im Trend. Im Mittelpunkt stehen dabei die Mannschaften. Vor dem Start werden auf der B\u00fchne gemeinsame Mannschaftsfotos gemacht. 110 Firmen und Institutionen aus ganz OWL laufen mit. Gro\u00dfe Teams haben erneut die Bodelschwinghschen Anstalten Bethel, die Stadtwerke, die Sparkasse, die Heimatkrankenkasse sowie die Firmen Sch\u00fcco, Dr. Wolff-Gruppe\/Alpecin und Gerry Weber gemeldet. Auch Arminia Bielefeld, Initiator des Laufs und einer der Premium-Partner, ist mit seiner Mannschaft \u201eArminia-Gesch\u00e4ftsstelle&#8221; aktiv vertreten.<\/p>\n<p><a href=\"http:\/\/firmenlauf-bielefeld.de\/wp-content\/uploads\/2016\/06\/rob-Samba_1878.jpg\"><img loading=\"lazy\" decoding=\"async\" class=\"alignnone wp-image-471\" src=\"http:\/\/firmenlauf-bielefeld.de\/wp-content\/uploads\/2016\/06\/rob-Samba_1878.jpg\" alt=\"rob-Samba_1878\" width=\"352\" height=\"235\" srcset=\"http:\/\/firmenlauf-bielefeld.de\/wp-content\/uploads\/2016\/06\/rob-Samba_1878.jpg 2657w, http:\/\/firmenlauf-bielefeld.de\/wp-content\/uploads\/2016\/06\/rob-Samba_1878-300x200.jpg 300w, http:\/\/firmenlauf-bielefeld.de\/wp-content\/uploads\/2016\/06\/rob-Samba_1878-768x512.jpg 768w, http:\/\/firmenlauf-bielefeld.de\/wp-content\/uploads\/2016\/06\/rob-Samba_1878-1024x683.jpg 1024w\" sizes=\"auto, (max-width: 352px) 100vw, 352px\" \/><\/a><\/p>\n<p>Eher weniger stehen beim Firmenlauf die Einzelleistungen im Vordergrund. Die drei schnellsten M\u00e4nner, Elias Sansar (Auto Mark\u00f6tter), Marco Rath (Gundlach) und Tobias Cwielong (Olafs Laufladen) wieder dabei sind. Auch die schnellste Frau des Vorjahres, Nadine Vietmeier (Bethel), l\u00e4sst sich die Titelverteidigung nicht nehmen.<\/p>\n<p>&nbsp;<\/p>\n<p>Gef\u00f6rdert werden soll vor allem das Gemeinschaftserlebnis. Im Ziel werden die L\u00e4uferinnen und L\u00e4ufer von den Cheerleadern der Bielefelder &#8220;Wildcats-Junior&#8221; und von Paderborner Sambamusikern empfangen. Ziel der Veranstaltung ist es, m\u00f6glichst viele Personen zu mobilisieren, f\u00fcr den Gesundheitssport zu begeistern, und letztlich auch ein zus\u00e4tzliches Fanpotential f\u00fcr die Arminia zu gewinnen.<\/p>\n<p><a href=\"http:\/\/firmenlauf-bielefeld.de\/wp-content\/uploads\/2016\/06\/rob-Start-Klatschen_1496.jpg\"><img loading=\"lazy\" decoding=\"async\" class=\"alignnone wp-image-469\" src=\"http:\/\/firmenlauf-bielefeld.de\/wp-content\/uploads\/2016\/06\/rob-Start-Klatschen_1496.jpg\" alt=\"rob-Start-Klatschen_1496\" width=\"493\" height=\"275\" srcset=\"http:\/\/firmenlauf-bielefeld.de\/wp-content\/uploads\/2016\/06\/rob-Start-Klatschen_1496.jpg 2657w, http:\/\/firmenlauf-bielefeld.de\/wp-content\/uploads\/2016\/06\/rob-Start-Klatschen_1496-300x168.jpg 300w, http:\/\/firmenlauf-bielefeld.de\/wp-content\/uploads\/2016\/06\/rob-Start-Klatschen_1496-768x429.jpg 768w, http:\/\/firmenlauf-bielefeld.de\/wp-content\/uploads\/2016\/06\/rob-Start-Klatschen_1496-1024x572.jpg 1024w, http:\/\/firmenlauf-bielefeld.de\/wp-content\/uploads\/2016\/06\/rob-Start-Klatschen_1496-195x110.jpg 195w\" sizes=\"auto, (max-width: 493px) 100vw, 493px\" \/><\/a><\/p>\n<p>Dass sich das Laufen in der Gruppe ideal als Firmenveranstaltung eignet, hat sich herumgesprochen: Bereits Ende Mai war die Veranstaltung vorzeitig ausgebucht.<\/p>\n<p>&nbsp;<\/p>\n<p>Infos, Teilnehmerlisten, Ergebnisse und Anmeldungen: www.firmenlauf-bielefeld.de<\/p>\n","protected":false},"excerpt":{"rendered":"<p>Bielefeld (rob). Der Sch\u00fcco Sports Firmenlauf, der am n\u00e4chsten Mittwoch an der Sch\u00fccoArena der Arminen in die vierte Runde geht, erlebte in diesem Fr\u00fchjahr einen wahren Ansturm. Bereits am 23. [&hellip;]<\/p>\n","protected":false},"author":2,"featured_media":466,"comment_status":"open","ping_status":"open","sticky":true,"template":"","format":"standard","meta":{"footnotes":""},"categories":[1],"tags":[],"class_list":["post-558","post","type-post","status-publish","format-standard","has-post-thumbnail","hentry","category-uncategorized"],"_links":{"self":[{"href":"http:\/\/firmenlauf-bielefeld.de\/index.php?rest_route=\/wp\/v2\/posts\/558","targetHints":{"allow":["GET"]}}],"collection":[{"href":"http:\/\/firmenlauf-bielefeld.de\/index.php?rest_route=\/wp\/v2\/posts"}],"about":[{"href":"http:\/\/firmenlauf-bielefeld.de\/index.php?rest_route=\/wp\/v2\/types\/post"}],"author":[{"embeddable":true,"href":"http:\/\/firmenlauf-bielefeld.de\/index.php?rest_route=\/wp\/v2\/users\/2"}],"replies":[{"embeddable":true,"href":"http:\/\/firmenlauf-bielefeld.de\/index.php?rest_route=%2Fwp%2Fv2%2Fcomments&post=558"}],"version-history":[{"count":6,"href":"http:\/\/firmenlauf-bielefeld.de\/index.php?rest_route=\/wp\/v2\/posts\/558\/revisions"}],"predecessor-version":[{"id":567,"href":"http:\/\/firmenlauf-bielefeld.de\/index.php?rest_route=\/wp\/v2\/posts\/558\/revisions\/567"}],"wp:featuredmedia":[{"embeddable":true,"href":"http:\/\/firmenlauf-bielefeld.de\/index.php?rest_route=\/wp\/v2\/media\/466"}],"wp:attachment":[{"href":"http:\/\/firmenlauf-bielefeld.de\/index.php?rest_route=%2Fwp%2Fv2%2Fmedia&parent=558"}],"wp:term":[{"taxonomy":"category","embeddable":true,"href":"http:\/\/firmenlauf-bielefeld.de\/index.php?rest_route=%2Fwp%2Fv2%2Fcategories&post=558"},{"taxonomy":"post_tag","embeddable":true,"href":"http:\/\/firmenlauf-bielefeld.de\/index.php?rest_route=%2Fwp%2Fv2%2Ftags&post=558"}],"curies":[{"name":"wp","href":"https:\/\/api.w.org\/{rel}","templated":true}]}}