{"id":614,"date":"2017-12-13T07:49:50","date_gmt":"2017-12-13T07:49:50","guid":{"rendered":"http:\/\/firmenlauf-bielefeld.de\/?p=614"},"modified":"2018-02-14T15:24:32","modified_gmt":"2018-02-14T15:24:32","slug":"schuco-sports-firmenlauf-2018-startet-am-donnerstag-28-juni","status":"publish","type":"post","link":"http:\/\/firmenlauf-bielefeld.de\/?p=614","title":{"rendered":"Sch\u00fcco Sports Firmenlauf 2018 startet am Donnerstag, 28. Juni"},"content":{"rendered":"<div id=\"attachment_644\" style=\"width: 464px\" class=\"wp-caption alignnone\"><a href=\"http:\/\/firmenlauf-bielefeld.de\/wp-content\/uploads\/2017\/12\/rob-Ziel-Sansar-Janicki_web1585.jpg\"><img loading=\"lazy\" decoding=\"async\" aria-describedby=\"caption-attachment-644\" class=\"wp-image-644\" src=\"http:\/\/firmenlauf-bielefeld.de\/wp-content\/uploads\/2017\/12\/rob-Ziel-Sansar-Janicki_web1585.jpg\" alt=\"rob-Ziel-Sansar-Janicki_web1585\" width=\"454\" height=\"243\" srcset=\"http:\/\/firmenlauf-bielefeld.de\/wp-content\/uploads\/2017\/12\/rob-Ziel-Sansar-Janicki_web1585.jpg 1575w, http:\/\/firmenlauf-bielefeld.de\/wp-content\/uploads\/2017\/12\/rob-Ziel-Sansar-Janicki_web1585-300x161.jpg 300w, http:\/\/firmenlauf-bielefeld.de\/wp-content\/uploads\/2017\/12\/rob-Ziel-Sansar-Janicki_web1585-768x411.jpg 768w, http:\/\/firmenlauf-bielefeld.de\/wp-content\/uploads\/2017\/12\/rob-Ziel-Sansar-Janicki_web1585-1024x548.jpg 1024w\" sizes=\"auto, (max-width: 454px) 100vw, 454px\" \/><\/a><p id=\"caption-attachment-644\" class=\"wp-caption-text\">Elias Sansar, Adam Janicki (r.)<\/p><\/div>\n<p>Erstmals startet der Sch\u00fcco Sports Firmenlauf an einem Donnerstag. Wegen des WM-Vorrundenspiels der Deutschen Nationalmannschaft am 27. Juni, dem traditionellen Datum des Laufs (&#8220;letzter Mittwoch im Juni&#8221;), wurde jetzt der Termin f\u00fcr die 5. Auflage des Laufs an der Sch\u00fccoArena Bielefeld auf Donnerstag, 28. Juni 2018, festgelegt. Anmeldungen sind ab 1. Februar m\u00f6glich. An diesem Tag wird auf dieser Internetseite das Excel-Formular f\u00fcr die Anmeldung eingestellt.<\/p>\n<p>K\u00fcnftig soll der Mittwoch f\u00fcr die beliebte Laufveranstaltung beibehalten werden. In 2018 gegen &#8220;K\u00f6nig Fu\u00dfball&#8221; und wichtige WM-Spiele anzutreten, w\u00e4re kaum im Interesse vieler Firmenl\u00e4ufer gewesen.<\/p>\n<p>Ende Januar werden die genauen Eckdaten der Veranstaltung, beispielsweise die genaue Streckenf\u00fchrung und der Zeitplan, bekannt gegeben. Aus Veranstaltersicht gew\u00fcnscht ist die Verl\u00e4ngerung der Parkrunde auf 2,4 Kilometer.<a href=\"http:\/\/firmenlauf-bielefeld.de\/wp-content\/uploads\/2017\/06\/rob_Start-Firmenlauf2017_1700.jpg\"><img loading=\"lazy\" decoding=\"async\" class=\"alignnone wp-image-585\" src=\"http:\/\/firmenlauf-bielefeld.de\/wp-content\/uploads\/2017\/06\/rob_Start-Firmenlauf2017_1700.jpg\" alt=\"rob_Start-Firmenlauf2017_1700\" width=\"600\" height=\"400\" srcset=\"http:\/\/firmenlauf-bielefeld.de\/wp-content\/uploads\/2017\/06\/rob_Start-Firmenlauf2017_1700.jpg 2362w, http:\/\/firmenlauf-bielefeld.de\/wp-content\/uploads\/2017\/06\/rob_Start-Firmenlauf2017_1700-300x200.jpg 300w, http:\/\/firmenlauf-bielefeld.de\/wp-content\/uploads\/2017\/06\/rob_Start-Firmenlauf2017_1700-768x512.jpg 768w, http:\/\/firmenlauf-bielefeld.de\/wp-content\/uploads\/2017\/06\/rob_Start-Firmenlauf2017_1700-1024x682.jpg 1024w\" sizes=\"auto, (max-width: 600px) 100vw, 600px\" \/><\/a><\/p>\n","protected":false},"excerpt":{"rendered":"<p>Erstmals startet der Sch\u00fcco Sports Firmenlauf an einem Donnerstag. Wegen des WM-Vorrundenspiels der Deutschen Nationalmannschaft am 27. Juni, dem traditionellen Datum des Laufs (&#8220;letzter Mittwoch im Juni&#8221;), wurde jetzt der [&hellip;]<\/p>\n","protected":false},"author":2,"featured_media":642,"comment_status":"open","ping_status":"open","sticky":true,"template":"","format":"standard","meta":{"footnotes":""},"categories":[1],"tags":[],"class_list":["post-614","post","type-post","status-publish","format-standard","has-post-thumbnail","hentry","category-uncategorized"],"_links":{"self":[{"href":"http:\/\/firmenlauf-bielefeld.de\/index.php?rest_route=\/wp\/v2\/posts\/614","targetHints":{"allow":["GET"]}}],"collection":[{"href":"http:\/\/firmenlauf-bielefeld.de\/index.php?rest_route=\/wp\/v2\/posts"}],"about":[{"href":"http:\/\/firmenlauf-bielefeld.de\/index.php?rest_route=\/wp\/v2\/types\/post"}],"author":[{"embeddable":true,"href":"http:\/\/firmenlauf-bielefeld.de\/index.php?rest_route=\/wp\/v2\/users\/2"}],"replies":[{"embeddable":true,"href":"http:\/\/firmenlauf-bielefeld.de\/index.php?rest_route=%2Fwp%2Fv2%2Fcomments&post=614"}],"version-history":[{"count":5,"href":"http:\/\/firmenlauf-bielefeld.de\/index.php?rest_route=\/wp\/v2\/posts\/614\/revisions"}],"predecessor-version":[{"id":646,"href":"http:\/\/firmenlauf-bielefeld.de\/index.php?rest_route=\/wp\/v2\/posts\/614\/revisions\/646"}],"wp:featuredmedia":[{"embeddable":true,"href":"http:\/\/firmenlauf-bielefeld.de\/index.php?rest_route=\/wp\/v2\/media\/642"}],"wp:attachment":[{"href":"http:\/\/firmenlauf-bielefeld.de\/index.php?rest_route=%2Fwp%2Fv2%2Fmedia&parent=614"}],"wp:term":[{"taxonomy":"category","embeddable":true,"href":"http:\/\/firmenlauf-bielefeld.de\/index.php?rest_route=%2Fwp%2Fv2%2Fcategories&post=614"},{"taxonomy":"post_tag","embeddable":true,"href":"http:\/\/firmenlauf-bielefeld.de\/index.php?rest_route=%2Fwp%2Fv2%2Ftags&post=614"}],"curies":[{"name":"wp","href":"https:\/\/api.w.org\/{rel}","templated":true}]}}