{"id":692,"date":"2018-06-29T09:59:50","date_gmt":"2018-06-29T09:59:50","guid":{"rendered":"http:\/\/firmenlauf-bielefeld.de\/?p=692"},"modified":"2018-07-03T07:28:46","modified_gmt":"2018-07-03T07:28:46","slug":"grandioser-schuco-sports-firmenlauf-mit-sonnenschein-und-guter-laune-evkb-mit-233-finishern","status":"publish","type":"post","link":"http:\/\/firmenlauf-bielefeld.de\/?p=692","title":{"rendered":"Grandioser Sch\u00fcco Sports Firmenlauf mit Sonnenschein und guter Laune &#8211; EvKB mit 233 &#8220;Finishern&#8221;"},"content":{"rendered":"<p>Ein grandioser Sch\u00fcco Sports Firmenlauf Bielefeld sorgte gestern, am letzten Donnerstag im Juni, f\u00fcr viele zufriedene Gesichter. Sonnenschein, Geselligkeit und der sportliche Einsatz von fast 2.000 L\u00e4uferinnen und L\u00e4ufern kennzeichneten das Event, das inzwischen seinesgleichen sucht. Gewinner gab es viele. Den &#8220;Henkelpott&#8221; f\u00fcr die gr\u00f6\u00dfte Gruppe r\u00e4umten einmal mehr die Bodelschwinghschen Siftungen\/Ev. Krankenhaus Bielefeld ab mit 233 Finishern.<\/p>\n<div id=\"attachment_704\" style=\"width: 408px\" class=\"wp-caption alignnone\"><a href=\"http:\/\/firmenlauf-bielefeld.de\/wp-content\/uploads\/2018\/06\/rob-Siegerin_Milena-Redecker_0094.jpg\"><img loading=\"lazy\" decoding=\"async\" aria-describedby=\"caption-attachment-704\" class=\"wp-image-704\" src=\"http:\/\/firmenlauf-bielefeld.de\/wp-content\/uploads\/2018\/06\/rob-Siegerin_Milena-Redecker_0094.jpg\" alt=\"\" width=\"398\" height=\"269\" srcset=\"http:\/\/firmenlauf-bielefeld.de\/wp-content\/uploads\/2018\/06\/rob-Siegerin_Milena-Redecker_0094.jpg 1575w, http:\/\/firmenlauf-bielefeld.de\/wp-content\/uploads\/2018\/06\/rob-Siegerin_Milena-Redecker_0094-300x203.jpg 300w, http:\/\/firmenlauf-bielefeld.de\/wp-content\/uploads\/2018\/06\/rob-Siegerin_Milena-Redecker_0094-768x519.jpg 768w, http:\/\/firmenlauf-bielefeld.de\/wp-content\/uploads\/2018\/06\/rob-Siegerin_Milena-Redecker_0094-1024x692.jpg 1024w\" sizes=\"auto, (max-width: 398px) 100vw, 398px\" \/><\/a><p id=\"caption-attachment-704\" class=\"wp-caption-text\">Siegerin Milena Redecker (Balda AG) lief 4,8 km in 19:13 Minuten<\/p><\/div>\n<p>Auch bei der zweitgr\u00f6\u00dften Formation gab es eine Wiederholung zum Vorjahr: Das Team des Titelsponsors Sch\u00fcco positionierte sich mit 116 L\u00e4uferinnen und L\u00e4ufern vor der Sparkasse Bielefeld mit 47 Startern. Die Einzelleistungen stehen nicht unbedingt im Vordergrund, aber interressant sind sie allemal: Hermannslauf-Dauersieger Elias Sansar zog Pierre Danelak vom Lind-Hotel Rietberg zum dritten Sieg in dieser Saison. Bei den Frauen war Milena Redecker (Balda Group) nicht zu halten. Insgesamt liefen 1.825 Firmenl\u00e4ufer in den Zielkanal auf dem Rasen der Sch\u00fccoArena. Das gr\u00f6\u00dfte Schul-Team stellte erneut die Martin-Niem\u00f6ller-Gesamtschule. Die meisten Azubis brachte das EvKB an den Start.<\/p>\n<p>Hier geht es zu den Ergebnissen:<\/p>\n<p><a href=\"https:\/\/www.ttjnet.de\/Ergebnisse\/2018\/BIFirmenlauf2018.pdf\">https:\/\/www.ttjnet.de\/Ergebnisse\/2018\/BIFirmenlauf2018.pdf<\/a><\/p>\n<p>Hier geht es zum Urkundendruck:<\/p>\n<p><a href=\"https:\/\/www.ttjnet.de\/Urkunde.php\">https:\/\/www.ttjnet.de\/Urkunde.php<\/a><\/p>\n<div id=\"attachment_700\" style=\"width: 620px\" class=\"wp-caption alignnone\"><a href=\"http:\/\/firmenlauf-bielefeld.de\/wp-content\/uploads\/2018\/06\/rob-Sansar-Danelak_0030.jpg\"><img loading=\"lazy\" decoding=\"async\" aria-describedby=\"caption-attachment-700\" class=\"wp-image-700\" src=\"http:\/\/firmenlauf-bielefeld.de\/wp-content\/uploads\/2018\/06\/rob-Sansar-Danelak_0030.jpg\" alt=\"\" width=\"610\" height=\"213\" srcset=\"http:\/\/firmenlauf-bielefeld.de\/wp-content\/uploads\/2018\/06\/rob-Sansar-Danelak_0030.jpg 1575w, http:\/\/firmenlauf-bielefeld.de\/wp-content\/uploads\/2018\/06\/rob-Sansar-Danelak_0030-300x105.jpg 300w, http:\/\/firmenlauf-bielefeld.de\/wp-content\/uploads\/2018\/06\/rob-Sansar-Danelak_0030-768x269.jpg 768w, http:\/\/firmenlauf-bielefeld.de\/wp-content\/uploads\/2018\/06\/rob-Sansar-Danelak_0030-1024x358.jpg 1024w\" sizes=\"auto, (max-width: 610px) 100vw, 610px\" \/><\/a><p id=\"caption-attachment-700\" class=\"wp-caption-text\">Nach einer Runde: Elias Sansar macht vor den Augen der Cheerlaederinnen Schrittmacherdienste f\u00fcr Pierre Danelak<\/p><\/div>\n<p>Danelak hatte vor drei Wochen auch den Firmenlauf in der Wiedenbr\u00fccker Altstadt gewonnen. Sieger und Siegerin verbindet, dass beide erst im vierten Jahr aktiv sind. Milena Redecker, die jetzt die 5.000 m auf der Bahn f\u00fcr ihren Mindener Verein in einer 19er Zeit laufen m\u00f6chte, hat 2014 mit dem Laufen begonnen. Schon lange dabei sind die Zweit- und Drittplatzierten. Vom 12-fachen Hermannslaufsieger Elias Sansar, der vor einem wichtigen Start am Sonntag noch eine Tempoeinheit einstreute und mit links h\u00e4tte gewinnen k\u00f6nnen, wenn er gewollt h\u00e4tte, weiss die \u00d6ffentlichkeit viel. Einen Leistungssprung zum Vorjahr machte Anjte Pyl (EvKB), die mit 19:34 Minuten vor Anja Michniewicz (EvKB, 20:03 Minuten) einlief. Auch die Organisatoren lagen bei dem guten Wetter bestens in der Zeit. Tobias Jazbec, Leiter Meldeb\u00fcro, lief selbst mit und zog mit Rang 3 in 16:43 Minuten das Team von Itelligence mit\u00a0Torsten Kerwien (17:49,4) und Tobias Wedemeier (21:15,7) in der Teamwertung auf Rang 3.<\/p>\n<div id=\"attachment_711\" style=\"width: 617px\" class=\"wp-caption alignnone\"><a href=\"http:\/\/firmenlauf-bielefeld.de\/wp-content\/uploads\/2018\/06\/rob-Lidl_0173.jpg\"><img loading=\"lazy\" decoding=\"async\" aria-describedby=\"caption-attachment-711\" class=\"wp-image-711\" src=\"http:\/\/firmenlauf-bielefeld.de\/wp-content\/uploads\/2018\/06\/rob-Lidl_0173.jpg\" alt=\"\" width=\"607\" height=\"388\" srcset=\"http:\/\/firmenlauf-bielefeld.de\/wp-content\/uploads\/2018\/06\/rob-Lidl_0173.jpg 1575w, http:\/\/firmenlauf-bielefeld.de\/wp-content\/uploads\/2018\/06\/rob-Lidl_0173-300x192.jpg 300w, http:\/\/firmenlauf-bielefeld.de\/wp-content\/uploads\/2018\/06\/rob-Lidl_0173-768x491.jpg 768w, http:\/\/firmenlauf-bielefeld.de\/wp-content\/uploads\/2018\/06\/rob-Lidl_0173-1024x654.jpg 1024w\" sizes=\"auto, (max-width: 607px) 100vw, 607px\" \/><\/a><p id=\"caption-attachment-711\" class=\"wp-caption-text\">Lidl-L\u00e4ufer vor der Samba-Band im Stadion: Teilnehmen lohnt sich!<\/p><\/div>\n<p>Den Sieg in der Teamwertung sicherte sich das Trio der Stadtwerke mit Alexander Mangel (17:01,4), Fabian Mangel (17:57,4) und Peter Zurstra\u00dfen (18:39,4) vor den von Bodelschwinghschen Stiftungen Bethel mit Maik Lehmann (17:51,3), Jan-Henrik lahr (17:59,5) und Leo Schulz (18:17,9). Das schnellste Frauen-Trio mit Antje Pyl (19:35,9), Anja Michniewicz (20:05,5) und Kristina Albers (21:08,6) lief rund f\u00fcnf Minuten raus auf die zweitplatzierte Mannschaft der Stadt Bielefeld mit Lea Bergmann (20:40,7), Bettina Knollmann (21:33,9) und Sinja Ostermann (23:19,3). Dritte wurde Balda Medical GmbH &amp; Co.KG mit Siegerin Milena Redecker, Sabrina Gibas (21:58,7) und Steffi Terno (26:22,9).<\/p>\n<div id=\"attachment_713\" style=\"width: 610px\" class=\"wp-caption alignnone\"><a href=\"http:\/\/firmenlauf-bielefeld.de\/wp-content\/uploads\/2018\/06\/rob-Gentelman-Dee_0238.jpg\"><img loading=\"lazy\" decoding=\"async\" aria-describedby=\"caption-attachment-713\" class=\"wp-image-713\" src=\"http:\/\/firmenlauf-bielefeld.de\/wp-content\/uploads\/2018\/06\/rob-Gentelman-Dee_0238.jpg\" alt=\"\" width=\"600\" height=\"399\" srcset=\"http:\/\/firmenlauf-bielefeld.de\/wp-content\/uploads\/2018\/06\/rob-Gentelman-Dee_0238.jpg 1575w, http:\/\/firmenlauf-bielefeld.de\/wp-content\/uploads\/2018\/06\/rob-Gentelman-Dee_0238-300x199.jpg 300w, http:\/\/firmenlauf-bielefeld.de\/wp-content\/uploads\/2018\/06\/rob-Gentelman-Dee_0238-768x511.jpg 768w, http:\/\/firmenlauf-bielefeld.de\/wp-content\/uploads\/2018\/06\/rob-Gentelman-Dee_0238-1024x681.jpg 1024w\" sizes=\"auto, (max-width: 600px) 100vw, 600px\" \/><\/a><p id=\"caption-attachment-713\" class=\"wp-caption-text\">Saxo-Einlage nach dem Lauf: Gentleman D<\/p><\/div>\n<p>Besonders gut an kamen bei den Teilnehmern die zahlreichen Neuerungen. Der auf 2,4 km verl\u00e4ngerte Rundkurs durch den Park wurde von allen Seiten gelobt. Es gab viel weniger \u00dcberrundungen. Moderator Tim Linnenbr\u00fcgger (Radio Bielefeld) moderierte gekonnt.Es gab neben Teamfoto-Service erstmals eine Fotobox, vor der sicher Teilnehmer mit dem Arena-Panorama ablichten konnten. Und Gentleman Dee zelebrierte mit dem Saxofon die freie Zeit bis\u00a0 zur Siegerehrung. Gesch\u00e4tzt wurde auch der Zielempfang und die Unterst\u00fctzung an der Strecke von der Samba-Band Querschl\u00e4ger und den Bielefelder Cheerleadern. &#8220;Bielefeld braucht so ein Event&#8221;, hatte B\u00fcrgermeisterin Karin Schrader gesagt, bevor sie den Startschuss zum ersten der drei Hauptl\u00e4ufe abfeuerte.<\/p>\n<p>In K\u00fcrze werden an dieser Stelle die Teamfotos ver\u00f6ffentlicht.<\/p>\n<div id=\"attachment_710\" style=\"width: 615px\" class=\"wp-caption alignnone\"><a href=\"http:\/\/firmenlauf-bielefeld.de\/wp-content\/uploads\/2018\/06\/rob_Siegerteams_0246.jpg\"><img loading=\"lazy\" decoding=\"async\" aria-describedby=\"caption-attachment-710\" class=\"wp-image-710\" src=\"http:\/\/firmenlauf-bielefeld.de\/wp-content\/uploads\/2018\/06\/rob_Siegerteams_0246.jpg\" alt=\"\" width=\"605\" height=\"402\" srcset=\"http:\/\/firmenlauf-bielefeld.de\/wp-content\/uploads\/2018\/06\/rob_Siegerteams_0246.jpg 1575w, http:\/\/firmenlauf-bielefeld.de\/wp-content\/uploads\/2018\/06\/rob_Siegerteams_0246-300x199.jpg 300w, http:\/\/firmenlauf-bielefeld.de\/wp-content\/uploads\/2018\/06\/rob_Siegerteams_0246-768x511.jpg 768w, http:\/\/firmenlauf-bielefeld.de\/wp-content\/uploads\/2018\/06\/rob_Siegerteams_0246-1024x681.jpg 1024w\" sizes=\"auto, (max-width: 605px) 100vw, 605px\" \/><\/a><p id=\"caption-attachment-710\" class=\"wp-caption-text\">Siegerteams: Die erfolgreichen Dreierteams wurden mit Pokalen und Gutscheinen ausgezeichnet<\/p><\/div>\n<div id=\"attachment_714\" style=\"width: 621px\" class=\"wp-caption alignnone\"><a href=\"http:\/\/firmenlauf-bielefeld.de\/wp-content\/uploads\/2018\/06\/rob-Start-zum-Schueco-Sports-Firmenlauf-2018_9959.jpg\"><img loading=\"lazy\" decoding=\"async\" aria-describedby=\"caption-attachment-714\" class=\"wp-image-714\" src=\"http:\/\/firmenlauf-bielefeld.de\/wp-content\/uploads\/2018\/06\/rob-Start-zum-Schueco-Sports-Firmenlauf-2018_9959.jpg\" alt=\"\" width=\"611\" height=\"406\" srcset=\"http:\/\/firmenlauf-bielefeld.de\/wp-content\/uploads\/2018\/06\/rob-Start-zum-Schueco-Sports-Firmenlauf-2018_9959.jpg 1575w, http:\/\/firmenlauf-bielefeld.de\/wp-content\/uploads\/2018\/06\/rob-Start-zum-Schueco-Sports-Firmenlauf-2018_9959-300x199.jpg 300w, http:\/\/firmenlauf-bielefeld.de\/wp-content\/uploads\/2018\/06\/rob-Start-zum-Schueco-Sports-Firmenlauf-2018_9959-768x511.jpg 768w, http:\/\/firmenlauf-bielefeld.de\/wp-content\/uploads\/2018\/06\/rob-Start-zum-Schueco-Sports-Firmenlauf-2018_9959-1024x681.jpg 1024w\" sizes=\"auto, (max-width: 611px) 100vw, 611px\" \/><\/a><p id=\"caption-attachment-714\" class=\"wp-caption-text\">Start zum Schueco Sports Firmenlauf 2018<\/p><\/div>\n<div id=\"attachment_715\" style=\"width: 621px\" class=\"wp-caption alignnone\"><a href=\"http:\/\/firmenlauf-bielefeld.de\/wp-content\/uploads\/2018\/06\/rob-geschafft_0221.jpg\"><img loading=\"lazy\" decoding=\"async\" aria-describedby=\"caption-attachment-715\" class=\"wp-image-715\" src=\"http:\/\/firmenlauf-bielefeld.de\/wp-content\/uploads\/2018\/06\/rob-geschafft_0221.jpg\" alt=\"\" width=\"611\" height=\"406\" srcset=\"http:\/\/firmenlauf-bielefeld.de\/wp-content\/uploads\/2018\/06\/rob-geschafft_0221.jpg 1575w, http:\/\/firmenlauf-bielefeld.de\/wp-content\/uploads\/2018\/06\/rob-geschafft_0221-300x199.jpg 300w, http:\/\/firmenlauf-bielefeld.de\/wp-content\/uploads\/2018\/06\/rob-geschafft_0221-768x511.jpg 768w, http:\/\/firmenlauf-bielefeld.de\/wp-content\/uploads\/2018\/06\/rob-geschafft_0221-1024x681.jpg 1024w\" sizes=\"auto, (max-width: 611px) 100vw, 611px\" \/><\/a><p id=\"caption-attachment-715\" class=\"wp-caption-text\">Geschafft.<\/p><\/div>\n<div id=\"attachment_716\" style=\"width: 621px\" class=\"wp-caption alignnone\"><a href=\"http:\/\/firmenlauf-bielefeld.de\/wp-content\/uploads\/2018\/06\/rob-gute-Laune_0227.jpg\"><img loading=\"lazy\" decoding=\"async\" aria-describedby=\"caption-attachment-716\" class=\"wp-image-716\" src=\"http:\/\/firmenlauf-bielefeld.de\/wp-content\/uploads\/2018\/06\/rob-gute-Laune_0227.jpg\" alt=\"\" width=\"611\" height=\"406\" srcset=\"http:\/\/firmenlauf-bielefeld.de\/wp-content\/uploads\/2018\/06\/rob-gute-Laune_0227.jpg 1575w, http:\/\/firmenlauf-bielefeld.de\/wp-content\/uploads\/2018\/06\/rob-gute-Laune_0227-300x199.jpg 300w, http:\/\/firmenlauf-bielefeld.de\/wp-content\/uploads\/2018\/06\/rob-gute-Laune_0227-768x511.jpg 768w, http:\/\/firmenlauf-bielefeld.de\/wp-content\/uploads\/2018\/06\/rob-gute-Laune_0227-1024x681.jpg 1024w\" sizes=\"auto, (max-width: 611px) 100vw, 611px\" \/><\/a><p id=\"caption-attachment-716\" class=\"wp-caption-text\">Gute Laune auf der Eventfl\u00e4che nach dem Lauf<\/p><\/div>\n<div id=\"attachment_717\" style=\"width: 621px\" class=\"wp-caption alignnone\"><a href=\"http:\/\/firmenlauf-bielefeld.de\/wp-content\/uploads\/2018\/06\/rob-Bethel-Jens-Rosenfeld_9947.jpg\"><img loading=\"lazy\" decoding=\"async\" aria-describedby=\"caption-attachment-717\" class=\"wp-image-717\" src=\"http:\/\/firmenlauf-bielefeld.de\/wp-content\/uploads\/2018\/06\/rob-Bethel-Jens-Rosenfeld_9947.jpg\" alt=\"\" width=\"611\" height=\"406\" srcset=\"http:\/\/firmenlauf-bielefeld.de\/wp-content\/uploads\/2018\/06\/rob-Bethel-Jens-Rosenfeld_9947.jpg 1575w, http:\/\/firmenlauf-bielefeld.de\/wp-content\/uploads\/2018\/06\/rob-Bethel-Jens-Rosenfeld_9947-300x199.jpg 300w, http:\/\/firmenlauf-bielefeld.de\/wp-content\/uploads\/2018\/06\/rob-Bethel-Jens-Rosenfeld_9947-768x511.jpg 768w, http:\/\/firmenlauf-bielefeld.de\/wp-content\/uploads\/2018\/06\/rob-Bethel-Jens-Rosenfeld_9947-1024x681.jpg 1024w\" sizes=\"auto, (max-width: 611px) 100vw, 611px\" \/><\/a><p id=\"caption-attachment-717\" class=\"wp-caption-text\">Helfen: Jens Rosenfeld (m) und das Team von Bethel nutzten die Veranstaltung um f\u00fcr Spenden zu werben.<\/p><\/div>\n<p><a href=\"http:\/\/firmenlauf-bielefeld.de\/wp-content\/uploads\/2018\/06\/rob-Bethel_3026.jpg\"><img loading=\"lazy\" decoding=\"async\" class=\"alignnone  wp-image-721\" src=\"http:\/\/firmenlauf-bielefeld.de\/wp-content\/uploads\/2018\/06\/rob-Bethel_3026.jpg\" alt=\"\" width=\"411\" height=\"308\" srcset=\"http:\/\/firmenlauf-bielefeld.de\/wp-content\/uploads\/2018\/06\/rob-Bethel_3026.jpg 1575w, http:\/\/firmenlauf-bielefeld.de\/wp-content\/uploads\/2018\/06\/rob-Bethel_3026-300x225.jpg 300w, http:\/\/firmenlauf-bielefeld.de\/wp-content\/uploads\/2018\/06\/rob-Bethel_3026-768x576.jpg 768w, http:\/\/firmenlauf-bielefeld.de\/wp-content\/uploads\/2018\/06\/rob-Bethel_3026-1024x768.jpg 1024w\" sizes=\"auto, (max-width: 411px) 100vw, 411px\" \/><\/a><\/p>\n<div id=\"attachment_722\" style=\"width: 618px\" class=\"wp-caption alignnone\"><a href=\"http:\/\/firmenlauf-bielefeld.de\/wp-content\/uploads\/2018\/06\/rob-Bethel_3024.jpg\"><img loading=\"lazy\" decoding=\"async\" aria-describedby=\"caption-attachment-722\" class=\"wp-image-722\" src=\"http:\/\/firmenlauf-bielefeld.de\/wp-content\/uploads\/2018\/06\/rob-Bethel_3024.jpg\" alt=\"\" width=\"608\" height=\"391\" srcset=\"http:\/\/firmenlauf-bielefeld.de\/wp-content\/uploads\/2018\/06\/rob-Bethel_3024.jpg 1575w, http:\/\/firmenlauf-bielefeld.de\/wp-content\/uploads\/2018\/06\/rob-Bethel_3024-300x193.jpg 300w, http:\/\/firmenlauf-bielefeld.de\/wp-content\/uploads\/2018\/06\/rob-Bethel_3024-768x494.jpg 768w, http:\/\/firmenlauf-bielefeld.de\/wp-content\/uploads\/2018\/06\/rob-Bethel_3024-1024x659.jpg 1024w\" sizes=\"auto, (max-width: 608px) 100vw, 608px\" \/><\/a><p id=\"caption-attachment-722\" class=\"wp-caption-text\">Gr\u00f6\u00dfte Gruppe: Das EvKB brachte 233 L\u00e4uferinnen und L\u00e4ufer an den Start<\/p><\/div>\n","protected":false},"excerpt":{"rendered":"<p>Ein grandioser Sch\u00fcco Sports Firmenlauf Bielefeld sorgte gestern, am letzten Donnerstag im Juni, f\u00fcr viele zufriedene Gesichter. Sonnenschein, Geselligkeit und der sportliche Einsatz von fast 2.000 L\u00e4uferinnen und L\u00e4ufern kennzeichneten [&hellip;]<\/p>\n","protected":false},"author":2,"featured_media":700,"comment_status":"open","ping_status":"open","sticky":true,"template":"","format":"standard","meta":{"footnotes":""},"categories":[1],"tags":[],"class_list":["post-692","post","type-post","status-publish","format-standard","has-post-thumbnail","hentry","category-uncategorized"],"_links":{"self":[{"href":"http:\/\/firmenlauf-bielefeld.de\/index.php?rest_route=\/wp\/v2\/posts\/692","targetHints":{"allow":["GET"]}}],"collection":[{"href":"http:\/\/firmenlauf-bielefeld.de\/index.php?rest_route=\/wp\/v2\/posts"}],"about":[{"href":"http:\/\/firmenlauf-bielefeld.de\/index.php?rest_route=\/wp\/v2\/types\/post"}],"author":[{"embeddable":true,"href":"http:\/\/firmenlauf-bielefeld.de\/index.php?rest_route=\/wp\/v2\/users\/2"}],"replies":[{"embeddable":true,"href":"http:\/\/firmenlauf-bielefeld.de\/index.php?rest_route=%2Fwp%2Fv2%2Fcomments&post=692"}],"version-history":[{"count":17,"href":"http:\/\/firmenlauf-bielefeld.de\/index.php?rest_route=\/wp\/v2\/posts\/692\/revisions"}],"predecessor-version":[{"id":723,"href":"http:\/\/firmenlauf-bielefeld.de\/index.php?rest_route=\/wp\/v2\/posts\/692\/revisions\/723"}],"wp:featuredmedia":[{"embeddable":true,"href":"http:\/\/firmenlauf-bielefeld.de\/index.php?rest_route=\/wp\/v2\/media\/700"}],"wp:attachment":[{"href":"http:\/\/firmenlauf-bielefeld.de\/index.php?rest_route=%2Fwp%2Fv2%2Fmedia&parent=692"}],"wp:term":[{"taxonomy":"category","embeddable":true,"href":"http:\/\/firmenlauf-bielefeld.de\/index.php?rest_route=%2Fwp%2Fv2%2Fcategories&post=692"},{"taxonomy":"post_tag","embeddable":true,"href":"http:\/\/firmenlauf-bielefeld.de\/index.php?rest_route=%2Fwp%2Fv2%2Ftags&post=692"}],"curies":[{"name":"wp","href":"https:\/\/api.w.org\/{rel}","templated":true}]}}