{"id":752,"date":"2020-02-03T22:18:45","date_gmt":"2020-02-03T22:18:45","guid":{"rendered":"http:\/\/firmenlauf-bielefeld.de\/?p=752"},"modified":"2020-04-14T09:32:44","modified_gmt":"2020-04-14T09:32:44","slug":"save-the-date-12-juni-2019","status":"publish","type":"post","link":"http:\/\/firmenlauf-bielefeld.de\/?p=752","title":{"rendered":"verschoben: Sparrenburg-Firmenlauf Bielefeld startet Ende August"},"content":{"rendered":"<p><a href=\"http:\/\/firmenlauf-bielefeld.de\/wp-content\/uploads\/2019\/06\/rob_Manuel-Buenemann_7960.jpg\"><img loading=\"lazy\" decoding=\"async\" class=\"alignnone wp-image-807\" src=\"http:\/\/firmenlauf-bielefeld.de\/wp-content\/uploads\/2019\/06\/rob_Manuel-Buenemann_7960.jpg\" alt=\"\" width=\"321\" height=\"214\" srcset=\"http:\/\/firmenlauf-bielefeld.de\/wp-content\/uploads\/2019\/06\/rob_Manuel-Buenemann_7960.jpg 2362w, http:\/\/firmenlauf-bielefeld.de\/wp-content\/uploads\/2019\/06\/rob_Manuel-Buenemann_7960-300x200.jpg 300w, http:\/\/firmenlauf-bielefeld.de\/wp-content\/uploads\/2019\/06\/rob_Manuel-Buenemann_7960-768x512.jpg 768w, http:\/\/firmenlauf-bielefeld.de\/wp-content\/uploads\/2019\/06\/rob_Manuel-Buenemann_7960-1024x682.jpg 1024w\" sizes=\"auto, (max-width: 321px) 100vw, 321px\" \/><\/a><\/p>\n<p><strong>Save the date:\u00a0<\/strong><span style=\"text-decoration: line-through;\">27. Mai 2020<\/span> <strong>26. August 2020<\/strong><\/p>\n<p>Save the date: am Mittwoch,\u00a0<span style=\"text-decoration: line-through;\">27. Mai 2020<\/span>\u00a0neu: <strong>26. August 2020<\/strong>, geht der Sparrenburg-Firmenlauf (bis 2018 als &#8220;Sch\u00fcco-Sports-Firmenlauf&#8221; erfolgreich) in die siebte Auflage.<\/p>\n<p>Die Anmeldephase ist JETZT angelaufen.\u00a0<strong>Bis zum 30. Juni<\/strong>\u00a0gilt der g\u00fcnstige Fr\u00fchbuchertarif.<\/p>\n<p><strong>Hinweis zu Corona\/Covid-19: Sechs Wochen vor dem Lauf gibt es ein Info-Update, ob tats\u00e4chlich alles planm\u00e4\u00dfig durchgef\u00fchrt werden kann, d.h. wie sich die Situation um die Infektionsgefahr und die genaue Handhabung zu jenem Zeitpunkt darstellt.<\/strong><\/p>\n<p><strong>Das wird geboten . . .<br \/>\n<\/strong><\/p>\n<p>Los geht&#8217;s\u00a0 mit dem 2,5-km-Lauf und Walk um 17.15 Uhr, somit 45 Minuten fr\u00fcher als im letzten Jahr. 18.00 Uhr und 18.45 Uhr folgen die beiden Hauptl\u00e4ufe \u00fcber 5 Kilometer.<\/p>\n<p>Seien Sie mit dabei! Es wird viel geboten. Samba-Musik, Cheerleader, optimale Verpflegung mit Obst, M\u00fcsliriegel, Wasser und Krombacher Alkoholfrei 0,00.<\/p>\n<p>Die IKK classic, der LIDL, das Autohaus Mark\u00f6tter, das GOP-Variet\u00e9, Olafs Laufladen und Krombacher Alkoholfrei sind die Partner dieses Firmenlaufs.<\/p>\n<p>Hier gehts zum Veranstaltungs-Flyer &#8211;&gt;&gt;\u00a0<a href=\"http:\/\/firmenlauf-bielefeld.de\/wp-content\/uploads\/2020\/03\/Sparrenburg-Flyer-2020-V2-web-2.pdf\">Sparrenburg Flyer 2020 V2 web-2<\/a><\/p>\n<p>&nbsp;<\/p>\n<p><strong>2020 die zweite Auflage auf der Promenade<\/strong><\/p>\n<p>Wir wollten 2019 etwas Neues zu wagen und hatten Erfolg damit. Nach f\u00fcnf Jahren &#8220;Rund um die Sch\u00fcco-Arena&#8221; kam der Wechsel an die Sparrenburg vielleicht ganz passend. <strong>\u00dcber 2.000 L\u00e4uferinnen und L\u00e4ufer beteiligten sich an der Premiere.<\/strong><\/p>\n<p>Wir finden, die Sparrenburg mit der wundersch\u00f6nen Promenade und mit dem herrlichen Ausblick auf die Stadt eignen sich hervorragend f\u00fcr unser Firmenlauf-Event. Alle Firmenl\u00e4ufer kommen so in den Genuss, einmal einen Zieleinlauf \u00e4hnlich wie beim &#8220;Hermannslauf&#8221; zu genie\u00dfen, denn unser Ziel ist an gleicher Stelle aufgebaut.<\/p>\n<p><a href=\"http:\/\/firmenlauf-bielefeld.de\/wp-content\/uploads\/2019\/02\/Sparrenburg-Emblem-2019-web1.jpg\"><img loading=\"lazy\" decoding=\"async\" class=\"alignnone wp-image-754\" src=\"http:\/\/firmenlauf-bielefeld.de\/wp-content\/uploads\/2019\/02\/Sparrenburg-Emblem-2019-web1.jpg\" alt=\"\" width=\"203\" height=\"261\" srcset=\"http:\/\/firmenlauf-bielefeld.de\/wp-content\/uploads\/2019\/02\/Sparrenburg-Emblem-2019-web1.jpg 1181w, http:\/\/firmenlauf-bielefeld.de\/wp-content\/uploads\/2019\/02\/Sparrenburg-Emblem-2019-web1-233x300.jpg 233w, http:\/\/firmenlauf-bielefeld.de\/wp-content\/uploads\/2019\/02\/Sparrenburg-Emblem-2019-web1-768x988.jpg 768w, http:\/\/firmenlauf-bielefeld.de\/wp-content\/uploads\/2019\/02\/Sparrenburg-Emblem-2019-web1-796x1024.jpg 796w\" sizes=\"auto, (max-width: 203px) 100vw, 203px\" \/><\/a><\/p>\n<p><strong>Anreise mit Bus und Bahn<\/strong><\/p>\n<p>\u00dcber das Sonderticket der MoBiel k\u00f6nnen Teilnehmer des Firmenlaufs direkt und kostenlos zur Veranstaltung an- und abreisen. Die Startnummer gilt als Fahrtschein bei MoBiel.<\/p>\n<p><strong>Bitte beachten: Parken an der Sparrenburg nicht m\u00f6glich<\/strong><\/p>\n<p>Die Parkpl\u00e4tze direkt am Start\/Ziel sind am Veranstaltungstag nicht zu erreichen. Die Auffahrt zum Denkmal ist gesperrt. Wir empfehlen daher die Anreise mit der Stadtbahn. Oder in einem Parkhaus in der Stadt parken und die wenigen Schritte hoch zur Burg zu Fu\u00df gehen.<\/p>\n<p><strong>Einfache Anmeldung<\/strong><\/p>\n<p>Die Anmeldung ist einfach: Die Excel-Tabelle als Mannschaftsmeldung mit den Namen der Kollegen ausf\u00fcllen, Distanz angeben (L\/W 2,5 km oder L5 km oder als Azubi L5 A) und <strong>diese Meldung dann per Mail absenden: rb@rb-medienservice.de<\/strong>.<\/p>\n<p><strong>Faltzelt mieten als Treffpunkt<\/strong><\/p>\n<p>Erneut bieten wir an, <strong>Firmen-Treffpunkte (3&#215;3 m-Faltzelte<\/strong>) zu buchen. Die Faltzelte werden durch uns gestellt, im Siegerehrungsbereich aufgebaut und bieten eine Anlaufstation f\u00fcr ihre Mitarbeiter. Die Kosten &#8211; 300,00 EUR zzgl. MwSt. &#8211; werden zusammen mit der Startgeb\u00fchr berechnet. Bei Interesse \u2013 6 Faltzelte stehen zur Verf\u00fcgung &#8211; schreiben Sie uns bitte eine Mail: rb@rb-medienservice.de<\/p>\n<p>Wir freuen uns auf Sie!<\/p>\n","protected":false},"excerpt":{"rendered":"<p>Save the date:\u00a027. Mai 2020 26. August 2020 Save the date: am Mittwoch,\u00a027. Mai 2020\u00a0neu: 26. August 2020, geht der Sparrenburg-Firmenlauf (bis 2018 als &#8220;Sch\u00fcco-Sports-Firmenlauf&#8221; erfolgreich) in die siebte Auflage. [&hellip;]<\/p>\n","protected":false},"author":2,"featured_media":807,"comment_status":"open","ping_status":"open","sticky":true,"template":"","format":"standard","meta":{"footnotes":""},"categories":[1],"tags":[],"class_list":["post-752","post","type-post","status-publish","format-standard","has-post-thumbnail","hentry","category-uncategorized"],"_links":{"self":[{"href":"http:\/\/firmenlauf-bielefeld.de\/index.php?rest_route=\/wp\/v2\/posts\/752","targetHints":{"allow":["GET"]}}],"collection":[{"href":"http:\/\/firmenlauf-bielefeld.de\/index.php?rest_route=\/wp\/v2\/posts"}],"about":[{"href":"http:\/\/firmenlauf-bielefeld.de\/index.php?rest_route=\/wp\/v2\/types\/post"}],"author":[{"embeddable":true,"href":"http:\/\/firmenlauf-bielefeld.de\/index.php?rest_route=\/wp\/v2\/users\/2"}],"replies":[{"embeddable":true,"href":"http:\/\/firmenlauf-bielefeld.de\/index.php?rest_route=%2Fwp%2Fv2%2Fcomments&post=752"}],"version-history":[{"count":19,"href":"http:\/\/firmenlauf-bielefeld.de\/index.php?rest_route=\/wp\/v2\/posts\/752\/revisions"}],"predecessor-version":[{"id":884,"href":"http:\/\/firmenlauf-bielefeld.de\/index.php?rest_route=\/wp\/v2\/posts\/752\/revisions\/884"}],"wp:featuredmedia":[{"embeddable":true,"href":"http:\/\/firmenlauf-bielefeld.de\/index.php?rest_route=\/wp\/v2\/media\/807"}],"wp:attachment":[{"href":"http:\/\/firmenlauf-bielefeld.de\/index.php?rest_route=%2Fwp%2Fv2%2Fmedia&parent=752"}],"wp:term":[{"taxonomy":"category","embeddable":true,"href":"http:\/\/firmenlauf-bielefeld.de\/index.php?rest_route=%2Fwp%2Fv2%2Fcategories&post=752"},{"taxonomy":"post_tag","embeddable":true,"href":"http:\/\/firmenlauf-bielefeld.de\/index.php?rest_route=%2Fwp%2Fv2%2Ftags&post=752"}],"curies":[{"name":"wp","href":"https:\/\/api.w.org\/{rel}","templated":true}]}}