{"id":784,"date":"2019-06-13T05:25:25","date_gmt":"2019-06-13T05:25:25","guid":{"rendered":"http:\/\/firmenlauf-bielefeld.de\/?p=784"},"modified":"2019-06-13T13:54:16","modified_gmt":"2019-06-13T13:54:16","slug":"sparrenburg-premiere-ein-erfolg-schoner-sommerlaufabend-an-der-promenade","status":"publish","type":"post","link":"http:\/\/firmenlauf-bielefeld.de\/?p=784","title":{"rendered":"Sparrenburg-Premiere ein Erfolg &#8211; sch\u00f6ner Sommerlaufabend an der Promenade"},"content":{"rendered":"<p><a href=\"http:\/\/firmenlauf-bielefeld.de\/wp-content\/uploads\/2019\/06\/rob_Start_8134.jpg\"><img loading=\"lazy\" decoding=\"async\" class=\"alignnone wp-image-809\" src=\"http:\/\/firmenlauf-bielefeld.de\/wp-content\/uploads\/2019\/06\/rob_Start_8134.jpg\" alt=\"\" width=\"597\" height=\"358\" srcset=\"http:\/\/firmenlauf-bielefeld.de\/wp-content\/uploads\/2019\/06\/rob_Start_8134.jpg 2362w, http:\/\/firmenlauf-bielefeld.de\/wp-content\/uploads\/2019\/06\/rob_Start_8134-300x180.jpg 300w, http:\/\/firmenlauf-bielefeld.de\/wp-content\/uploads\/2019\/06\/rob_Start_8134-768x461.jpg 768w, http:\/\/firmenlauf-bielefeld.de\/wp-content\/uploads\/2019\/06\/rob_Start_8134-1024x614.jpg 1024w\" sizes=\"auto, (max-width: 597px) 100vw, 597px\" \/><\/a><\/p>\n<p>Der Sparrenburg-Firmenlauf feierte am Mittwoch eine gl\u00e4nzende Premiere &#8211; der sch\u00f6ne Sommerlaufabend an der Promenade wurde ein gro\u00dfer Erfolg. Rund 2.000 L\u00e4uferinnen und L\u00e4ufer aus \u00fcber 120 Firmen beteiligten sich an dem auf zwei Durchg\u00e4nge aufgeteilten Lauf. Schnellster im 4,8-km-Hauptlauf waren Pierre Danelak (Dekra, 16:59 Minuten) und Corinna Maistrak (Sch\u00fcco, 20:53 Minuten).<\/p>\n<p><strong>Hier geht es zu den Ergebnissen &#8211;&gt;:<\/strong> <a href=\"https:\/\/www.ttjnet.de\/Ergebnisse\/2019\/BIFirmenlauf2019.pdf\">https:\/\/www.ttjnet.de\/Ergebnisse\/2019\/BIFirmenlauf2019.pdf<\/a><\/p>\n<p>Hier geht es zum Urkundendruck &#8211;&gt;: <a href=\"https:\/\/www.ttjnet.de\/Urkunde.php\">https:\/\/www.ttjnet.de\/Urkunde.php<\/a><\/p>\n<div id=\"attachment_789\" style=\"width: 619px\" class=\"wp-caption alignnone\"><a href=\"http:\/\/firmenlauf-bielefeld.de\/wp-content\/uploads\/2019\/06\/rob_Firmenlauf-BI_8109.jpg\"><img loading=\"lazy\" decoding=\"async\" aria-describedby=\"caption-attachment-789\" class=\"wp-image-789\" src=\"http:\/\/firmenlauf-bielefeld.de\/wp-content\/uploads\/2019\/06\/rob_Firmenlauf-BI_8109.jpg\" alt=\"\" width=\"609\" height=\"406\" srcset=\"http:\/\/firmenlauf-bielefeld.de\/wp-content\/uploads\/2019\/06\/rob_Firmenlauf-BI_8109.jpg 2362w, http:\/\/firmenlauf-bielefeld.de\/wp-content\/uploads\/2019\/06\/rob_Firmenlauf-BI_8109-300x200.jpg 300w, http:\/\/firmenlauf-bielefeld.de\/wp-content\/uploads\/2019\/06\/rob_Firmenlauf-BI_8109-768x512.jpg 768w, http:\/\/firmenlauf-bielefeld.de\/wp-content\/uploads\/2019\/06\/rob_Firmenlauf-BI_8109-1024x682.jpg 1024w\" sizes=\"auto, (max-width: 609px) 100vw, 609px\" \/><\/a><p id=\"caption-attachment-789\" class=\"wp-caption-text\">Finish auf dem roten Teppich: Die Teilnehmer der von Bodelschwingschen Stiftung.<\/p><\/div>\n<p>Wuselig ging es gleich um 18 Uhr los, als der kombinierte 2,4- und 4,8-km-Lauf gestartet wurde. Allein 163 Sch\u00fcler der Niem\u00f6ller-Gesamtschule liefen dort mit und sammelten zahlreiche vordere Platzierungen. Den Sieg sicherte sich indessen ein &#8220;alter Hase&#8221;: Holger Radtke (Stadtwerke) gewann in 9:41,2 Minuten vor Bilal Abahan (Martin-Niem\u00f6ller-Gesamtschule, 10:09) und Otmane Amali (Martin-Niem\u00f6ller-Gesamtschule, 11:11). Schnellste Frau auf der Kurzen Promenaden-Runde war Nadine Hanke von Sch\u00fcco, die mit 14:11,2 Minuten vor Thorid Schleiermacher (Martin-Niem\u00f6ller-Gesamtschule, 14:19) und Tanja Hahn (Martin-Niem\u00f6ller-Gesamtschule, 14:23) einlief.<\/p>\n<div id=\"attachment_797\" style=\"width: 631px\" class=\"wp-caption alignnone\"><a href=\"http:\/\/firmenlauf-bielefeld.de\/wp-content\/uploads\/2019\/06\/rob_Pierre-Danelak-Sparrenburg_8202.jpg\"><img loading=\"lazy\" decoding=\"async\" aria-describedby=\"caption-attachment-797\" class=\"wp-image-797\" src=\"http:\/\/firmenlauf-bielefeld.de\/wp-content\/uploads\/2019\/06\/rob_Pierre-Danelak-Sparrenburg_8202.jpg\" alt=\"\" width=\"621\" height=\"373\" srcset=\"http:\/\/firmenlauf-bielefeld.de\/wp-content\/uploads\/2019\/06\/rob_Pierre-Danelak-Sparrenburg_8202.jpg 2362w, http:\/\/firmenlauf-bielefeld.de\/wp-content\/uploads\/2019\/06\/rob_Pierre-Danelak-Sparrenburg_8202-300x180.jpg 300w, http:\/\/firmenlauf-bielefeld.de\/wp-content\/uploads\/2019\/06\/rob_Pierre-Danelak-Sparrenburg_8202-768x461.jpg 768w, http:\/\/firmenlauf-bielefeld.de\/wp-content\/uploads\/2019\/06\/rob_Pierre-Danelak-Sparrenburg_8202-1024x614.jpg 1024w\" sizes=\"auto, (max-width: 621px) 100vw, 621px\" \/><\/a><p id=\"caption-attachment-797\" class=\"wp-caption-text\">Erster \u00fcber 4,8 Kilometer: Pierre Danelak blieb mit 16:59 als Einziger unter 17 Minuten.<\/p><\/div>\n<div data-canvas-width=\"53.19999999999999\"><\/div>\n<div data-canvas-width=\"53.19999999999999\">Die schnellsten Firmenteams stellten die Stadtwerke Bielefeld und die Stadt Bielefeld. Das Frauen-Team der Stadt lief mit 1:09:07 Stunden in der Besetzung Ulrike Wigger (22:37,8), Daniela Franz (22:47,8) und Lea Bergmann (23:41,1) auf Platz 1. Zweite wurde das Damen-Trio von Sch\u00fcco (1:11:00) mit\u00a0Corinna Maistrak (20:53,0), Sinem G\u00f6rmez (22:39,8) und Marina Greb (27:26,5); Dritte dann die von Bodelschwinghschen Stiftungen (1:11:12) mit Antje Pyl (21:50,8), Kristina Albers (23:18,7) und Christiane Misic (26:02,1).<\/div>\n<div data-canvas-width=\"53.19999999999999\"><\/div>\n<div data-canvas-width=\"53.19999999999999\">\n<div class=\"mceTemp\"><\/div>\n<div id=\"attachment_807\" style=\"width: 629px\" class=\"wp-caption alignnone\"><a href=\"http:\/\/firmenlauf-bielefeld.de\/wp-content\/uploads\/2019\/06\/rob_Manuel-Buenemann_7960.jpg\"><img loading=\"lazy\" decoding=\"async\" aria-describedby=\"caption-attachment-807\" class=\"wp-image-807\" src=\"http:\/\/firmenlauf-bielefeld.de\/wp-content\/uploads\/2019\/06\/rob_Manuel-Buenemann_7960.jpg\" alt=\"\" width=\"619\" height=\"412\" srcset=\"http:\/\/firmenlauf-bielefeld.de\/wp-content\/uploads\/2019\/06\/rob_Manuel-Buenemann_7960.jpg 2362w, http:\/\/firmenlauf-bielefeld.de\/wp-content\/uploads\/2019\/06\/rob_Manuel-Buenemann_7960-300x200.jpg 300w, http:\/\/firmenlauf-bielefeld.de\/wp-content\/uploads\/2019\/06\/rob_Manuel-Buenemann_7960-768x512.jpg 768w, http:\/\/firmenlauf-bielefeld.de\/wp-content\/uploads\/2019\/06\/rob_Manuel-Buenemann_7960-1024x682.jpg 1024w\" sizes=\"auto, (max-width: 619px) 100vw, 619px\" \/><\/a><p id=\"caption-attachment-807\" class=\"wp-caption-text\">Video-Dreh beim Lauf: Manuel B\u00fcnemann, Medien-Mann der Bodenschwinghschen Anstalten.<\/p><\/div>\n<\/div>\n<div data-canvas-width=\"53.19999999999999\"><\/div>\n<div data-canvas-width=\"53.19999999999999\">Bei den Stadtwerken liefen der Dritte der Einzelwertung, Alexander Mangel (17:50,5), zusammen mit Stefan Seele (19:09,0) und Fabian Mangel (19:37,7) und einer Gesamtzeit von 56:38 Minuten mit eineinhalb Minuten Vorsprung auf das Dekra-Team (58:10 Minuten) mit Pierre Danelak (16:59,9), Maik Ehrens (19:28,2) und Dave Rosinger (21:40,8) sowie dem drittplatzierten Team Gestamp (1:00:19 Stunden) mit Konrad Schulz (19:07,8), Robert Schulz (19:54,5) und Josef Schyra (21:15,6) ein. &#8220;Ich war heute im Ziel kaputter als beim Hermann&#8221;, st\u00f6hnte Konrad Schulz, der bei der 31-km-Teuto-Hatz Ende April immerhin wieder unter zwei Stunden geblieben war. Die Schulz-Br\u00fcder fanden das Streckenprofil des Sparrenburg-Firmenlaufs mit Steigungen und Gef\u00e4lle durchaus anspruchsvoll. Au\u00dferdem sei die Strecke 200 m l\u00e4nger gewesen, hatte Konrad Schultz eine L\u00e4nge von 5,0 km \u00fcber sein Geo-Tracker ermittelt.<\/div>\n<div data-canvas-width=\"53.19999999999999\"><\/div>\n<div data-canvas-width=\"53.19999999999999\">\n<div id=\"attachment_806\" style=\"width: 631px\" class=\"wp-caption alignnone\"><a href=\"http:\/\/firmenlauf-bielefeld.de\/wp-content\/uploads\/2019\/06\/rob_Samba-Cana-Sparrenburg_8366.jpg\"><img loading=\"lazy\" decoding=\"async\" aria-describedby=\"caption-attachment-806\" class=\"wp-image-806\" src=\"http:\/\/firmenlauf-bielefeld.de\/wp-content\/uploads\/2019\/06\/rob_Samba-Cana-Sparrenburg_8366.jpg\" alt=\"\" width=\"621\" height=\"373\" srcset=\"http:\/\/firmenlauf-bielefeld.de\/wp-content\/uploads\/2019\/06\/rob_Samba-Cana-Sparrenburg_8366.jpg 2362w, http:\/\/firmenlauf-bielefeld.de\/wp-content\/uploads\/2019\/06\/rob_Samba-Cana-Sparrenburg_8366-300x180.jpg 300w, http:\/\/firmenlauf-bielefeld.de\/wp-content\/uploads\/2019\/06\/rob_Samba-Cana-Sparrenburg_8366-768x461.jpg 768w, http:\/\/firmenlauf-bielefeld.de\/wp-content\/uploads\/2019\/06\/rob_Samba-Cana-Sparrenburg_8366-1024x614.jpg 1024w\" sizes=\"auto, (max-width: 621px) 100vw, 621px\" \/><\/a><p id=\"caption-attachment-806\" class=\"wp-caption-text\">Sorgten f\u00fcr Stimmung an der Strecke: Samba Cana<\/p><\/div>\n<\/div>\n<div data-canvas-width=\"53.19999999999999\">Nahezu alle Bielefelder Firmen waren mit Teams vertreten. Die gr\u00f6\u00dfte Firmenmannschaft stellte erneut die Bodelschwinghsche Stiftung mit \u00fcber 200 L\u00e4ufern im Ziel. Der AWO-Bezirk OWL (117) und die Firma Sch\u00fcco (67) folgten auf den n\u00e4chsten Pl\u00e4tzen. Gro\u00dfe Teams hatten auch die das Franziskus-Hospital, die Stadt Bielefeld, die Stadtwerke, die Sparkasse, DMG Mori, Miele, die Dr. Wolff-Gruppe und Gerry Weber an den Start gebracht. Das gr\u00f6\u00dfte Schulteam stellte erneut die Martin-Niem\u00f6ller-Gesamtschule, die mit 163 Personen (Sch\u00fcler und Lehrer) antrat. Das gr\u00f6\u00dfte Azubi-Team stellten ebenfalls Bethel-Klinik mit 37 &#8220;Finishern&#8221;.<\/div>\n<div data-canvas-width=\"53.19999999999999\"><\/div>\n<div data-canvas-width=\"53.19999999999999\">\n<div id=\"attachment_799\" style=\"width: 630px\" class=\"wp-caption alignnone\"><a href=\"http:\/\/firmenlauf-bielefeld.de\/wp-content\/uploads\/2019\/06\/rob_Start-Sparrenburg-Firmenlauf_7999.jpg\"><img loading=\"lazy\" decoding=\"async\" aria-describedby=\"caption-attachment-799\" class=\"wp-image-799\" src=\"http:\/\/firmenlauf-bielefeld.de\/wp-content\/uploads\/2019\/06\/rob_Start-Sparrenburg-Firmenlauf_7999.jpg\" alt=\"\" width=\"620\" height=\"413\" srcset=\"http:\/\/firmenlauf-bielefeld.de\/wp-content\/uploads\/2019\/06\/rob_Start-Sparrenburg-Firmenlauf_7999.jpg 2362w, http:\/\/firmenlauf-bielefeld.de\/wp-content\/uploads\/2019\/06\/rob_Start-Sparrenburg-Firmenlauf_7999-300x200.jpg 300w, http:\/\/firmenlauf-bielefeld.de\/wp-content\/uploads\/2019\/06\/rob_Start-Sparrenburg-Firmenlauf_7999-768x512.jpg 768w, http:\/\/firmenlauf-bielefeld.de\/wp-content\/uploads\/2019\/06\/rob_Start-Sparrenburg-Firmenlauf_7999-1024x682.jpg 1024w\" sizes=\"auto, (max-width: 620px) 100vw, 620px\" \/><\/a><p id=\"caption-attachment-799\" class=\"wp-caption-text\">Kost\u00fcmiert: Mit oranger Per\u00fccke waren diese L\u00e4ufer Eyecatcher im Feld.<\/p><\/div>\n<\/div>\n","protected":false},"excerpt":{"rendered":"<p>Der Sparrenburg-Firmenlauf feierte am Mittwoch eine gl\u00e4nzende Premiere &#8211; der sch\u00f6ne Sommerlaufabend an der Promenade wurde ein gro\u00dfer Erfolg. Rund 2.000 L\u00e4uferinnen und L\u00e4ufer aus \u00fcber 120 Firmen beteiligten sich [&hellip;]<\/p>\n","protected":false},"author":2,"featured_media":786,"comment_status":"open","ping_status":"open","sticky":true,"template":"","format":"standard","meta":{"footnotes":""},"categories":[1],"tags":[],"class_list":["post-784","post","type-post","status-publish","format-standard","has-post-thumbnail","hentry","category-uncategorized"],"_links":{"self":[{"href":"http:\/\/firmenlauf-bielefeld.de\/index.php?rest_route=\/wp\/v2\/posts\/784","targetHints":{"allow":["GET"]}}],"collection":[{"href":"http:\/\/firmenlauf-bielefeld.de\/index.php?rest_route=\/wp\/v2\/posts"}],"about":[{"href":"http:\/\/firmenlauf-bielefeld.de\/index.php?rest_route=\/wp\/v2\/types\/post"}],"author":[{"embeddable":true,"href":"http:\/\/firmenlauf-bielefeld.de\/index.php?rest_route=\/wp\/v2\/users\/2"}],"replies":[{"embeddable":true,"href":"http:\/\/firmenlauf-bielefeld.de\/index.php?rest_route=%2Fwp%2Fv2%2Fcomments&post=784"}],"version-history":[{"count":21,"href":"http:\/\/firmenlauf-bielefeld.de\/index.php?rest_route=\/wp\/v2\/posts\/784\/revisions"}],"predecessor-version":[{"id":814,"href":"http:\/\/firmenlauf-bielefeld.de\/index.php?rest_route=\/wp\/v2\/posts\/784\/revisions\/814"}],"wp:featuredmedia":[{"embeddable":true,"href":"http:\/\/firmenlauf-bielefeld.de\/index.php?rest_route=\/wp\/v2\/media\/786"}],"wp:attachment":[{"href":"http:\/\/firmenlauf-bielefeld.de\/index.php?rest_route=%2Fwp%2Fv2%2Fmedia&parent=784"}],"wp:term":[{"taxonomy":"category","embeddable":true,"href":"http:\/\/firmenlauf-bielefeld.de\/index.php?rest_route=%2Fwp%2Fv2%2Fcategories&post=784"},{"taxonomy":"post_tag","embeddable":true,"href":"http:\/\/firmenlauf-bielefeld.de\/index.php?rest_route=%2Fwp%2Fv2%2Ftags&post=784"}],"curies":[{"name":"wp","href":"https:\/\/api.w.org\/{rel}","templated":true}]}}